{"id":10053,"date":"2019-12-31T12:00:25","date_gmt":"2019-12-31T10:00:25","guid":{"rendered":"http:\/\/www.horizont.fi\/?p=10053"},"modified":"2020-01-12T08:22:56","modified_gmt":"2020-01-12T06:22:56","slug":"fagervik-ruukki-inkoo-10-2019","status":"publish","type":"post","link":"https:\/\/www.horizont.fi\/en\/fagervik-ruukki-inkoo-10-2019\/","title":{"rendered":"FAGERVIK RUUKKI \u2013 Inkoo, 10\/2019"},"content":{"rendered":"<p>Inkoon Fagervikissa toimi 1646-1902 Suomen vanhimpiin kuulunut rautaruukki, jonka historiallinen alue on s\u00e4ilynyt nykyp\u00e4iviin asti. Fagervikissa on my\u00f6s kyl\u00e4kirkko ja sen ymp\u00e4rill\u00e4 matalia puisia ty\u00f6v\u00e4enasuntoja. Ruukin kartanon pohjoispuolella on laaja, englantilaistyyppinen maisemapuisto ja kartanon etel\u00e4puolella puisto on hoidetumpi, l\u00e4hinn\u00e4 barokkityylinen muotopuutarha.<\/p>\n\n\n\n<p>Kuvaaja: Aleksi Lammi<\/p>\n\n\n\n<a class=\"maxbutton-118 maxbutton maxbutton-kuvapankkiin\" target=\"_blank\" rel=\"noopener\" href=\"http:\/\/www.horizont.fi\/en\/kauppa\/\"><span class='mb-text'>TO WEB STORE<\/span><\/a>\n\n\n\n<figure class=\"wp-block-image\"><img decoding=\"async\" loading=\"lazy\" width=\"792\" height=\"462\" src=\"http:\/\/www.horizont.fi\/horizont\/wp-content\/uploads\/2019\/12\/fagervik-map.jpg\" alt=\"ilmakuva fagervik\" class=\"wp-image-10050\" srcset=\"https:\/\/www.horizont.fi\/horizont\/wp-content\/uploads\/2019\/12\/fagervik-map.jpg 792w, https:\/\/www.horizont.fi\/horizont\/wp-content\/uploads\/2019\/12\/fagervik-map-600x350.jpg 600w, https:\/\/www.horizont.fi\/horizont\/wp-content\/uploads\/2019\/12\/fagervik-map-768x448.jpg 768w\" sizes=\"(max-width: 792px) 100vw, 792px\" \/><figcaption>valokuva inkoo<\/figcaption><\/figure>","protected":false},"excerpt":{"rendered":"<p>Inkoon Fagervikissa toimi 1646-1902 Suomen vanhimpiin kuulunut rautaruukki, jonka historiallinen alue on s\u00e4ilynyt nykyp\u00e4iviin asti. Fagervikissa on my\u00f6s kyl\u00e4kirkko ja sen ymp\u00e4rill\u00e4 matalia puisia ty\u00f6v\u00e4enasuntoja. Ruukin kartanon pohjoispuolella on laaja, englantilaistyyppinen maisemapuisto ja kartanon etel\u00e4puolella puisto on hoidetumpi, l\u00e4hinn\u00e4 barokkityylinen muotopuutarha. Kuvaaja: Aleksi Lammi<\/p>","protected":false},"author":18,"featured_media":10023,"comment_status":"closed","ping_status":"open","sticky":false,"template":"","format":"standard","meta":{"_monsterinsights_skip_tracking":false,"_monsterinsights_sitenote_active":false,"_monsterinsights_sitenote_note":"","_monsterinsights_sitenote_category":0,"footnotes":""},"categories":[1],"tags":[1627,1635,1628,1630,1632,1631],"yoast_head":"<!-- This site is optimized with the Yoast SEO plugin v22.6 - https:\/\/yoast.com\/wordpress\/plugins\/seo\/ -->\n<title>FAGERVIK RUUKKI \u2013 Inkoo, 10\/2019 - HORIZONT \u2013 Ilmakuvaus<\/title>\n<meta name=\"description\" content=\"Inkoon Fagervikissa toimi 1646-1902 Suomen vanhimpiin kuulunut rautaruukki, jonka historiallinen alue on s\u00e4ilynyt nykyp\u00e4iviin asti. Fagervikissa on my\u00f6s\" \/>\n<meta name=\"robots\" content=\"index, follow, max-snippet:-1, max-image-preview:large, max-video-preview:-1\" \/>\n<link rel=\"canonical\" href=\"https:\/\/www.horizont.fi\/en\/fagervik-ruukki-inkoo-10-2019\/\" \/>\n<meta property=\"og:locale\" content=\"en_GB\" \/>\n<meta property=\"og:type\" content=\"article\" \/>\n<meta property=\"og:title\" content=\"FAGERVIK RUUKKI \u2013 Inkoo, 10\/2019 - HORIZONT \u2013 Ilmakuvaus\" \/>\n<meta property=\"og:description\" content=\"Inkoon Fagervikissa toimi 1646-1902 Suomen vanhimpiin kuulunut rautaruukki, jonka historiallinen alue on s\u00e4ilynyt nykyp\u00e4iviin asti. Fagervikissa on my\u00f6s\" \/>\n<meta property=\"og:url\" content=\"https:\/\/www.horizont.fi\/en\/fagervik-ruukki-inkoo-10-2019\/\" \/>\n<meta property=\"og:site_name\" content=\"HORIZONT \u2013 Ilmakuvaus\" \/>\n<meta property=\"article:publisher\" content=\"https:\/\/www.facebook.com\/Horizont.Aerial.Photographers\/\" \/>\n<meta property=\"article:published_time\" content=\"2019-12-31T10:00:25+00:00\" \/>\n<meta property=\"article:modified_time\" content=\"2020-01-12T06:22:56+00:00\" \/>\n<meta property=\"og:image\" content=\"https:\/\/www.horizont.fi\/horizont\/wp-content\/uploads\/2019\/12\/Horizont.fi_Fagervik_Aleksi_Lammi_2019_vesileimalla-scaled.jpg\" \/>\n\t<meta property=\"og:image:width\" content=\"2560\" \/>\n\t<meta property=\"og:image:height\" content=\"1440\" \/>\n\t<meta property=\"og:image:type\" content=\"image\/jpeg\" \/>\n<meta name=\"author\" content=\"Arnold\" \/>\n<meta name=\"twitter:card\" content=\"summary_large_image\" \/>\n<meta name=\"twitter:label1\" content=\"Written by\" \/>\n\t<meta name=\"twitter:data1\" content=\"Arnold\" \/>\n<script type=\"application\/ld+json\" class=\"yoast-schema-graph\">{\"@context\":\"https:\/\/schema.org\",\"@graph\":[{\"@type\":\"Article\",\"@id\":\"https:\/\/www.horizont.fi\/fagervik-ruukki-inkoo-10-2019\/#article\",\"isPartOf\":{\"@id\":\"https:\/\/www.horizont.fi\/fagervik-ruukki-inkoo-10-2019\/\"},\"author\":{\"name\":\"Arnold\",\"@id\":\"https:\/\/www.horizont.fi\/#\/schema\/person\/4117b41d2ca00dda9ba4d3f64ebd5c32\"},\"headline\":\"FAGERVIK RUUKKI \u2013 Inkoo, 10\/2019\",\"datePublished\":\"2019-12-31T10:00:25+00:00\",\"dateModified\":\"2020-01-12T06:22:56+00:00\",\"mainEntityOfPage\":{\"@id\":\"https:\/\/www.horizont.fi\/fagervik-ruukki-inkoo-10-2019\/\"},\"wordCount\":60,\"publisher\":{\"@id\":\"https:\/\/www.horizont.fi\/#organization\"},\"image\":{\"@id\":\"https:\/\/www.horizont.fi\/fagervik-ruukki-inkoo-10-2019\/#primaryimage\"},\"thumbnailUrl\":\"https:\/\/www.horizont.fi\/horizont\/wp-content\/uploads\/2019\/12\/Horizont.fi_Fagervik_Aleksi_Lammi_2019_vesileimalla-scaled.jpg\",\"keywords\":[\"aleksi lammi\",\"fagervik\",\"ilmakuvausta\",\"inkoo\",\"rautaruukki\",\"syksy\"],\"articleSection\":[\"UUSIMMAT KUVAT\"],\"inLanguage\":\"en-GB\"},{\"@type\":\"WebPage\",\"@id\":\"https:\/\/www.horizont.fi\/fagervik-ruukki-inkoo-10-2019\/\",\"url\":\"https:\/\/www.horizont.fi\/fagervik-ruukki-inkoo-10-2019\/\",\"name\":\"FAGERVIK RUUKKI \u2013 Inkoo, 10\/2019 - HORIZONT \u2013 Ilmakuvaus\",\"isPartOf\":{\"@id\":\"https:\/\/www.horizont.fi\/#website\"},\"primaryImageOfPage\":{\"@id\":\"https:\/\/www.horizont.fi\/fagervik-ruukki-inkoo-10-2019\/#primaryimage\"},\"image\":{\"@id\":\"https:\/\/www.horizont.fi\/fagervik-ruukki-inkoo-10-2019\/#primaryimage\"},\"thumbnailUrl\":\"https:\/\/www.horizont.fi\/horizont\/wp-content\/uploads\/2019\/12\/Horizont.fi_Fagervik_Aleksi_Lammi_2019_vesileimalla-scaled.jpg\",\"datePublished\":\"2019-12-31T10:00:25+00:00\",\"dateModified\":\"2020-01-12T06:22:56+00:00\",\"description\":\"Inkoon Fagervikissa toimi 1646-1902 Suomen vanhimpiin kuulunut rautaruukki, jonka historiallinen alue on s\u00e4ilynyt nykyp\u00e4iviin asti. Fagervikissa on my\u00f6s\",\"breadcrumb\":{\"@id\":\"https:\/\/www.horizont.fi\/fagervik-ruukki-inkoo-10-2019\/#breadcrumb\"},\"inLanguage\":\"en-GB\",\"potentialAction\":[{\"@type\":\"ReadAction\",\"target\":[\"https:\/\/www.horizont.fi\/fagervik-ruukki-inkoo-10-2019\/\"]}]},{\"@type\":\"ImageObject\",\"inLanguage\":\"en-GB\",\"@id\":\"https:\/\/www.horizont.fi\/fagervik-ruukki-inkoo-10-2019\/#primaryimage\",\"url\":\"https:\/\/www.horizont.fi\/horizont\/wp-content\/uploads\/2019\/12\/Horizont.fi_Fagervik_Aleksi_Lammi_2019_vesileimalla-scaled.jpg\",\"contentUrl\":\"https:\/\/www.horizont.fi\/horizont\/wp-content\/uploads\/2019\/12\/Horizont.fi_Fagervik_Aleksi_Lammi_2019_vesileimalla-scaled.jpg\",\"width\":2560,\"height\":1440,\"caption\":\"ilmakuva fagervik\"},{\"@type\":\"BreadcrumbList\",\"@id\":\"https:\/\/www.horizont.fi\/fagervik-ruukki-inkoo-10-2019\/#breadcrumb\",\"itemListElement\":[{\"@type\":\"ListItem\",\"position\":1,\"name\":\"Etusivu\",\"item\":\"https:\/\/www.horizont.fi\/\"},{\"@type\":\"ListItem\",\"position\":2,\"name\":\"FAGERVIK RUUKKI \u2013 Inkoo, 10\/2019\"}]},{\"@type\":\"WebSite\",\"@id\":\"https:\/\/www.horizont.fi\/#website\",\"url\":\"https:\/\/www.horizont.fi\/\",\"name\":\"HORIZONT \u2013 Ilmakuvaus\",\"description\":\"Lennokkaita kuvia ja videoita\",\"publisher\":{\"@id\":\"https:\/\/www.horizont.fi\/#organization\"},\"potentialAction\":[{\"@type\":\"SearchAction\",\"target\":{\"@type\":\"EntryPoint\",\"urlTemplate\":\"https:\/\/www.horizont.fi\/?s={search_term_string}\"},\"query-input\":\"required name=search_term_string\"}],\"inLanguage\":\"en-GB\"},{\"@type\":\"Organization\",\"@id\":\"https:\/\/www.horizont.fi\/#organization\",\"name\":\"Horizont - Ilmakuvat\",\"url\":\"https:\/\/www.horizont.fi\/\",\"logo\":{\"@type\":\"ImageObject\",\"inLanguage\":\"en-GB\",\"@id\":\"https:\/\/www.horizont.fi\/#\/schema\/logo\/image\/\",\"url\":\"https:\/\/www.horizont.fi\/horizont\/wp-content\/uploads\/2017\/02\/cropped-logo-horizont2-150.png\",\"contentUrl\":\"https:\/\/www.horizont.fi\/horizont\/wp-content\/uploads\/2017\/02\/cropped-logo-horizont2-150.png\",\"width\":136,\"height\":122,\"caption\":\"Horizont - Ilmakuvat\"},\"image\":{\"@id\":\"https:\/\/www.horizont.fi\/#\/schema\/logo\/image\/\"},\"sameAs\":[\"https:\/\/www.facebook.com\/Horizont.Aerial.Photographers\/\",\"https:\/\/www.instagram.com\/horizont.fi\/\",\"https:\/\/www.youtube.com\/channel\/UC_1M_GpRMYCa9dlvKBQdy-g\"]},{\"@type\":\"Person\",\"@id\":\"https:\/\/www.horizont.fi\/#\/schema\/person\/4117b41d2ca00dda9ba4d3f64ebd5c32\",\"name\":\"Arnold\",\"image\":{\"@type\":\"ImageObject\",\"inLanguage\":\"en-GB\",\"@id\":\"https:\/\/www.horizont.fi\/#\/schema\/person\/image\/\",\"url\":\"https:\/\/secure.gravatar.com\/avatar\/01d855234bf99dd28a5abdf2ec0622d9?s=96&d=mm&r=g\",\"contentUrl\":\"https:\/\/secure.gravatar.com\/avatar\/01d855234bf99dd28a5abdf2ec0622d9?s=96&d=mm&r=g\",\"caption\":\"Arnold\"}}]}<\/script>\n<!-- \/ Yoast SEO plugin. -->","yoast_head_json":{"title":"FAGERVIK RUUKKI \u2013 Inkoo, 10\/2019 - HORIZONT \u2013 Ilmakuvaus","description":"Inkoon Fagervikissa toimi 1646-1902 Suomen vanhimpiin kuulunut rautaruukki, jonka historiallinen alue on s\u00e4ilynyt nykyp\u00e4iviin asti. Fagervikissa on my\u00f6s","robots":{"index":"index","follow":"follow","max-snippet":"max-snippet:-1","max-image-preview":"max-image-preview:large","max-video-preview":"max-video-preview:-1"},"canonical":"https:\/\/www.horizont.fi\/en\/fagervik-ruukki-inkoo-10-2019\/","og_locale":"en_GB","og_type":"article","og_title":"FAGERVIK RUUKKI \u2013 Inkoo, 10\/2019 - HORIZONT \u2013 Ilmakuvaus","og_description":"Inkoon Fagervikissa toimi 1646-1902 Suomen vanhimpiin kuulunut rautaruukki, jonka historiallinen alue on s\u00e4ilynyt nykyp\u00e4iviin asti. Fagervikissa on my\u00f6s","og_url":"https:\/\/www.horizont.fi\/en\/fagervik-ruukki-inkoo-10-2019\/","og_site_name":"HORIZONT \u2013 Ilmakuvaus","article_publisher":"https:\/\/www.facebook.com\/Horizont.Aerial.Photographers\/","article_published_time":"2019-12-31T10:00:25+00:00","article_modified_time":"2020-01-12T06:22:56+00:00","og_image":[{"width":2560,"height":1440,"url":"https:\/\/www.horizont.fi\/horizont\/wp-content\/uploads\/2019\/12\/Horizont.fi_Fagervik_Aleksi_Lammi_2019_vesileimalla-scaled.jpg","type":"image\/jpeg"}],"author":"Arnold","twitter_card":"summary_large_image","twitter_misc":{"Written by":"Arnold"},"schema":{"@context":"https:\/\/schema.org","@graph":[{"@type":"Article","@id":"https:\/\/www.horizont.fi\/fagervik-ruukki-inkoo-10-2019\/#article","isPartOf":{"@id":"https:\/\/www.horizont.fi\/fagervik-ruukki-inkoo-10-2019\/"},"author":{"name":"Arnold","@id":"https:\/\/www.horizont.fi\/#\/schema\/person\/4117b41d2ca00dda9ba4d3f64ebd5c32"},"headline":"FAGERVIK RUUKKI \u2013 Inkoo, 10\/2019","datePublished":"2019-12-31T10:00:25+00:00","dateModified":"2020-01-12T06:22:56+00:00","mainEntityOfPage":{"@id":"https:\/\/www.horizont.fi\/fagervik-ruukki-inkoo-10-2019\/"},"wordCount":60,"publisher":{"@id":"https:\/\/www.horizont.fi\/#organization"},"image":{"@id":"https:\/\/www.horizont.fi\/fagervik-ruukki-inkoo-10-2019\/#primaryimage"},"thumbnailUrl":"https:\/\/www.horizont.fi\/horizont\/wp-content\/uploads\/2019\/12\/Horizont.fi_Fagervik_Aleksi_Lammi_2019_vesileimalla-scaled.jpg","keywords":["aleksi lammi","fagervik","ilmakuvausta","inkoo","rautaruukki","syksy"],"articleSection":["UUSIMMAT KUVAT"],"inLanguage":"en-GB"},{"@type":"WebPage","@id":"https:\/\/www.horizont.fi\/fagervik-ruukki-inkoo-10-2019\/","url":"https:\/\/www.horizont.fi\/fagervik-ruukki-inkoo-10-2019\/","name":"FAGERVIK RUUKKI \u2013 Inkoo, 10\/2019 - HORIZONT \u2013 Ilmakuvaus","isPartOf":{"@id":"https:\/\/www.horizont.fi\/#website"},"primaryImageOfPage":{"@id":"https:\/\/www.horizont.fi\/fagervik-ruukki-inkoo-10-2019\/#primaryimage"},"image":{"@id":"https:\/\/www.horizont.fi\/fagervik-ruukki-inkoo-10-2019\/#primaryimage"},"thumbnailUrl":"https:\/\/www.horizont.fi\/horizont\/wp-content\/uploads\/2019\/12\/Horizont.fi_Fagervik_Aleksi_Lammi_2019_vesileimalla-scaled.jpg","datePublished":"2019-12-31T10:00:25+00:00","dateModified":"2020-01-12T06:22:56+00:00","description":"Inkoon Fagervikissa toimi 1646-1902 Suomen vanhimpiin kuulunut rautaruukki, jonka historiallinen alue on s\u00e4ilynyt nykyp\u00e4iviin asti. Fagervikissa on my\u00f6s","breadcrumb":{"@id":"https:\/\/www.horizont.fi\/fagervik-ruukki-inkoo-10-2019\/#breadcrumb"},"inLanguage":"en-GB","potentialAction":[{"@type":"ReadAction","target":["https:\/\/www.horizont.fi\/fagervik-ruukki-inkoo-10-2019\/"]}]},{"@type":"ImageObject","inLanguage":"en-GB","@id":"https:\/\/www.horizont.fi\/fagervik-ruukki-inkoo-10-2019\/#primaryimage","url":"https:\/\/www.horizont.fi\/horizont\/wp-content\/uploads\/2019\/12\/Horizont.fi_Fagervik_Aleksi_Lammi_2019_vesileimalla-scaled.jpg","contentUrl":"https:\/\/www.horizont.fi\/horizont\/wp-content\/uploads\/2019\/12\/Horizont.fi_Fagervik_Aleksi_Lammi_2019_vesileimalla-scaled.jpg","width":2560,"height":1440,"caption":"ilmakuva fagervik"},{"@type":"BreadcrumbList","@id":"https:\/\/www.horizont.fi\/fagervik-ruukki-inkoo-10-2019\/#breadcrumb","itemListElement":[{"@type":"ListItem","position":1,"name":"Etusivu","item":"https:\/\/www.horizont.fi\/"},{"@type":"ListItem","position":2,"name":"FAGERVIK RUUKKI \u2013 Inkoo, 10\/2019"}]},{"@type":"WebSite","@id":"https:\/\/www.horizont.fi\/#website","url":"https:\/\/www.horizont.fi\/","name":"HORIZONT \u2013 Ilmakuvaus","description":"Lennokkaita kuvia ja videoita","publisher":{"@id":"https:\/\/www.horizont.fi\/#organization"},"potentialAction":[{"@type":"SearchAction","target":{"@type":"EntryPoint","urlTemplate":"https:\/\/www.horizont.fi\/?s={search_term_string}"},"query-input":"required name=search_term_string"}],"inLanguage":"en-GB"},{"@type":"Organization","@id":"https:\/\/www.horizont.fi\/#organization","name":"Horizont - Ilmakuvat","url":"https:\/\/www.horizont.fi\/","logo":{"@type":"ImageObject","inLanguage":"en-GB","@id":"https:\/\/www.horizont.fi\/#\/schema\/logo\/image\/","url":"https:\/\/www.horizont.fi\/horizont\/wp-content\/uploads\/2017\/02\/cropped-logo-horizont2-150.png","contentUrl":"https:\/\/www.horizont.fi\/horizont\/wp-content\/uploads\/2017\/02\/cropped-logo-horizont2-150.png","width":136,"height":122,"caption":"Horizont - Ilmakuvat"},"image":{"@id":"https:\/\/www.horizont.fi\/#\/schema\/logo\/image\/"},"sameAs":["https:\/\/www.facebook.com\/Horizont.Aerial.Photographers\/","https:\/\/www.instagram.com\/horizont.fi\/","https:\/\/www.youtube.com\/channel\/UC_1M_GpRMYCa9dlvKBQdy-g"]},{"@type":"Person","@id":"https:\/\/www.horizont.fi\/#\/schema\/person\/4117b41d2ca00dda9ba4d3f64ebd5c32","name":"Arnold","image":{"@type":"ImageObject","inLanguage":"en-GB","@id":"https:\/\/www.horizont.fi\/#\/schema\/person\/image\/","url":"https:\/\/secure.gravatar.com\/avatar\/01d855234bf99dd28a5abdf2ec0622d9?s=96&d=mm&r=g","contentUrl":"https:\/\/secure.gravatar.com\/avatar\/01d855234bf99dd28a5abdf2ec0622d9?s=96&d=mm&r=g","caption":"Arnold"}}]}},"_links":{"self":[{"href":"https:\/\/www.horizont.fi\/en\/wp-json\/wp\/v2\/posts\/10053"}],"collection":[{"href":"https:\/\/www.horizont.fi\/en\/wp-json\/wp\/v2\/posts"}],"about":[{"href":"https:\/\/www.horizont.fi\/en\/wp-json\/wp\/v2\/types\/post"}],"author":[{"embeddable":true,"href":"https:\/\/www.horizont.fi\/en\/wp-json\/wp\/v2\/users\/18"}],"replies":[{"embeddable":true,"href":"https:\/\/www.horizont.fi\/en\/wp-json\/wp\/v2\/comments?post=10053"}],"version-history":[{"count":2,"href":"https:\/\/www.horizont.fi\/en\/wp-json\/wp\/v2\/posts\/10053\/revisions"}],"predecessor-version":[{"id":10485,"href":"https:\/\/www.horizont.fi\/en\/wp-json\/wp\/v2\/posts\/10053\/revisions\/10485"}],"wp:featuredmedia":[{"embeddable":true,"href":"https:\/\/www.horizont.fi\/en\/wp-json\/wp\/v2\/media\/10023"}],"wp:attachment":[{"href":"https:\/\/www.horizont.fi\/en\/wp-json\/wp\/v2\/media?parent=10053"}],"wp:term":[{"taxonomy":"category","embeddable":true,"href":"https:\/\/www.horizont.fi\/en\/wp-json\/wp\/v2\/categories?post=10053"},{"taxonomy":"post_tag","embeddable":true,"href":"https:\/\/www.horizont.fi\/en\/wp-json\/wp\/v2\/tags?post=10053"}],"curies":[{"name":"wp","href":"https:\/\/api.w.org\/{rel}","templated":true}]}}