{"id":12369,"date":"2020-04-18T20:02:56","date_gmt":"2020-04-18T17:02:56","guid":{"rendered":"https:\/\/www.horizont.fi\/?p=12369"},"modified":"2020-04-18T20:12:34","modified_gmt":"2020-04-18T17:12:34","slug":"aetsan-voimalaitos-sastamala-4-2020","status":"publish","type":"post","link":"https:\/\/www.horizont.fi\/en\/aetsan-voimalaitos-sastamala-4-2020\/","title":{"rendered":"\u00c4ETS\u00c4N VOIMALAITOS &#8211; Sastamala, 4\/2020"},"content":{"rendered":"<p>\u00c4ets\u00e4n voimalaitos on Sastamalassa Kokem\u00e4enjoessa sijaitseva kahden vesivoimalaitoksen kokonaisuus. Voimalaitoksen pato toimii my\u00f6s Kokem\u00e4enjoen ylitt\u00e4v\u00e4n\u00e4 kevyen liikenteen siltana. Punatiilinen voimalaitos valmistui 1921. Laitoksen putouskorkeus on 6,0 metri\u00e4 ja sen alapuolisella juoksulla vuosittainen vedenpinnan vaihtelu on 0,5-0,8 metri\u00e4.<\/p>\n\n\n\n<p>Kuva: Aleksi Lammi<\/p>\n\n\n\n<a class=\"maxbutton-118 maxbutton maxbutton-kuvapankkiin\" target=\"_blank\" rel=\"noopener\" href=\"http:\/\/www.horizont.fi\/en\/kauppa\/\"><span class='mb-text'>TO WEB STORE<\/span><\/a>\n\n\n\n<figure class=\"wp-block-image size-large\"><img decoding=\"async\" loading=\"lazy\" width=\"1003\" height=\"549\" src=\"https:\/\/www.horizont.fi\/horizont\/wp-content\/uploads\/2020\/04\/map-voimalaitos.jpg\" alt=\"drone kuvausta aleksi lammi\" class=\"wp-image-12366\" srcset=\"https:\/\/www.horizont.fi\/horizont\/wp-content\/uploads\/2020\/04\/map-voimalaitos.jpg 1003w, https:\/\/www.horizont.fi\/horizont\/wp-content\/uploads\/2020\/04\/map-voimalaitos-600x328.jpg 600w, https:\/\/www.horizont.fi\/horizont\/wp-content\/uploads\/2020\/04\/map-voimalaitos-768x420.jpg 768w\" sizes=\"(max-width: 1003px) 100vw, 1003px\" \/><figcaption>valokuva kokem\u00e4enjoki<\/figcaption><\/figure>","protected":false},"excerpt":{"rendered":"<p>\u00e4ets\u00e4n vesivoimalaitos kokem\u00e4enjoessa<\/p>","protected":false},"author":18,"featured_media":12287,"comment_status":"closed","ping_status":"open","sticky":false,"template":"","format":"standard","meta":{"_monsterinsights_skip_tracking":false,"_monsterinsights_sitenote_active":false,"_monsterinsights_sitenote_note":"","_monsterinsights_sitenote_category":0,"footnotes":""},"categories":[1],"tags":[1686,1628],"yoast_head":"<!-- This site is optimized with the Yoast SEO plugin v22.6 - https:\/\/yoast.com\/wordpress\/plugins\/seo\/ -->\n<title>\u00c4ETS\u00c4N VOIMALAITOS - Sastamala, 4\/2020 - HORIZONT \u2013 Ilmakuvaus<\/title>\n<meta name=\"description\" content=\"\u00e4ets\u00e4n vesivoimalaitos kokem\u00e4enjoessa\" \/>\n<meta name=\"robots\" content=\"index, follow, max-snippet:-1, max-image-preview:large, max-video-preview:-1\" \/>\n<link rel=\"canonical\" href=\"https:\/\/www.horizont.fi\/en\/aetsan-voimalaitos-sastamala-4-2020\/\" \/>\n<meta property=\"og:locale\" content=\"en_GB\" \/>\n<meta property=\"og:type\" content=\"article\" \/>\n<meta property=\"og:title\" content=\"\u00c4ETS\u00c4N VOIMALAITOS - Sastamala, 4\/2020 - HORIZONT \u2013 Ilmakuvaus\" \/>\n<meta property=\"og:description\" content=\"\u00e4ets\u00e4n vesivoimalaitos kokem\u00e4enjoessa\" \/>\n<meta property=\"og:url\" content=\"https:\/\/www.horizont.fi\/en\/aetsan-voimalaitos-sastamala-4-2020\/\" \/>\n<meta property=\"og:site_name\" content=\"HORIZONT \u2013 Ilmakuvaus\" \/>\n<meta property=\"article:publisher\" content=\"https:\/\/www.facebook.com\/Horizont.Aerial.Photographers\/\" \/>\n<meta property=\"article:published_time\" content=\"2020-04-18T17:02:56+00:00\" \/>\n<meta property=\"article:modified_time\" content=\"2020-04-18T17:12:34+00:00\" \/>\n<meta property=\"og:image\" content=\"https:\/\/www.horizont.fi\/horizont\/wp-content\/uploads\/2020\/04\/Horizont.fi_\u00c4ets\u00e4n_voimalaitos_Aleksi_Lammi_2020_Kuva_I_cr-scaled.jpg\" \/>\n\t<meta property=\"og:image:width\" content=\"2560\" \/>\n\t<meta property=\"og:image:height\" content=\"1440\" \/>\n\t<meta property=\"og:image:type\" content=\"image\/jpeg\" \/>\n<meta name=\"author\" content=\"Arnold\" \/>\n<meta name=\"twitter:card\" content=\"summary_large_image\" \/>\n<meta name=\"twitter:label1\" content=\"Written by\" \/>\n\t<meta name=\"twitter:data1\" content=\"Arnold\" \/>\n<script type=\"application\/ld+json\" class=\"yoast-schema-graph\">{\"@context\":\"https:\/\/schema.org\",\"@graph\":[{\"@type\":\"Article\",\"@id\":\"https:\/\/www.horizont.fi\/aetsan-voimalaitos-sastamala-4-2020\/#article\",\"isPartOf\":{\"@id\":\"https:\/\/www.horizont.fi\/aetsan-voimalaitos-sastamala-4-2020\/\"},\"author\":{\"name\":\"Arnold\",\"@id\":\"https:\/\/www.horizont.fi\/#\/schema\/person\/4117b41d2ca00dda9ba4d3f64ebd5c32\"},\"headline\":\"\u00c4ETS\u00c4N VOIMALAITOS &#8211; Sastamala, 4\/2020\",\"datePublished\":\"2020-04-18T17:02:56+00:00\",\"dateModified\":\"2020-04-18T17:12:34+00:00\",\"mainEntityOfPage\":{\"@id\":\"https:\/\/www.horizont.fi\/aetsan-voimalaitos-sastamala-4-2020\/\"},\"wordCount\":54,\"publisher\":{\"@id\":\"https:\/\/www.horizont.fi\/#organization\"},\"image\":{\"@id\":\"https:\/\/www.horizont.fi\/aetsan-voimalaitos-sastamala-4-2020\/#primaryimage\"},\"thumbnailUrl\":\"https:\/\/www.horizont.fi\/horizont\/wp-content\/uploads\/2020\/04\/Horizont.fi_\u00c4ets\u00e4n_voimalaitos_Aleksi_Lammi_2020_Kuva_I_cr-scaled.jpg\",\"keywords\":[\"drone kuvausta\",\"ilmakuvausta\"],\"articleSection\":[\"UUSIMMAT KUVAT\"],\"inLanguage\":\"en-GB\"},{\"@type\":\"WebPage\",\"@id\":\"https:\/\/www.horizont.fi\/aetsan-voimalaitos-sastamala-4-2020\/\",\"url\":\"https:\/\/www.horizont.fi\/aetsan-voimalaitos-sastamala-4-2020\/\",\"name\":\"\u00c4ETS\u00c4N VOIMALAITOS - Sastamala, 4\/2020 - HORIZONT \u2013 Ilmakuvaus\",\"isPartOf\":{\"@id\":\"https:\/\/www.horizont.fi\/#website\"},\"primaryImageOfPage\":{\"@id\":\"https:\/\/www.horizont.fi\/aetsan-voimalaitos-sastamala-4-2020\/#primaryimage\"},\"image\":{\"@id\":\"https:\/\/www.horizont.fi\/aetsan-voimalaitos-sastamala-4-2020\/#primaryimage\"},\"thumbnailUrl\":\"https:\/\/www.horizont.fi\/horizont\/wp-content\/uploads\/2020\/04\/Horizont.fi_\u00c4ets\u00e4n_voimalaitos_Aleksi_Lammi_2020_Kuva_I_cr-scaled.jpg\",\"datePublished\":\"2020-04-18T17:02:56+00:00\",\"dateModified\":\"2020-04-18T17:12:34+00:00\",\"description\":\"\u00e4ets\u00e4n vesivoimalaitos kokem\u00e4enjoessa\",\"breadcrumb\":{\"@id\":\"https:\/\/www.horizont.fi\/aetsan-voimalaitos-sastamala-4-2020\/#breadcrumb\"},\"inLanguage\":\"en-GB\",\"potentialAction\":[{\"@type\":\"ReadAction\",\"target\":[\"https:\/\/www.horizont.fi\/aetsan-voimalaitos-sastamala-4-2020\/\"]}]},{\"@type\":\"ImageObject\",\"inLanguage\":\"en-GB\",\"@id\":\"https:\/\/www.horizont.fi\/aetsan-voimalaitos-sastamala-4-2020\/#primaryimage\",\"url\":\"https:\/\/www.horizont.fi\/horizont\/wp-content\/uploads\/2020\/04\/Horizont.fi_\u00c4ets\u00e4n_voimalaitos_Aleksi_Lammi_2020_Kuva_I_cr-scaled.jpg\",\"contentUrl\":\"https:\/\/www.horizont.fi\/horizont\/wp-content\/uploads\/2020\/04\/Horizont.fi_\u00c4ets\u00e4n_voimalaitos_Aleksi_Lammi_2020_Kuva_I_cr-scaled.jpg\",\"width\":2560,\"height\":1440,\"caption\":\"kokem\u00e4enjoki ilmakuva\"},{\"@type\":\"BreadcrumbList\",\"@id\":\"https:\/\/www.horizont.fi\/aetsan-voimalaitos-sastamala-4-2020\/#breadcrumb\",\"itemListElement\":[{\"@type\":\"ListItem\",\"position\":1,\"name\":\"Etusivu\",\"item\":\"https:\/\/www.horizont.fi\/\"},{\"@type\":\"ListItem\",\"position\":2,\"name\":\"\u00c4ETS\u00c4N VOIMALAITOS &#8211; Sastamala, 4\/2020\"}]},{\"@type\":\"WebSite\",\"@id\":\"https:\/\/www.horizont.fi\/#website\",\"url\":\"https:\/\/www.horizont.fi\/\",\"name\":\"HORIZONT \u2013 Ilmakuvaus\",\"description\":\"Lennokkaita kuvia ja videoita\",\"publisher\":{\"@id\":\"https:\/\/www.horizont.fi\/#organization\"},\"potentialAction\":[{\"@type\":\"SearchAction\",\"target\":{\"@type\":\"EntryPoint\",\"urlTemplate\":\"https:\/\/www.horizont.fi\/?s={search_term_string}\"},\"query-input\":\"required name=search_term_string\"}],\"inLanguage\":\"en-GB\"},{\"@type\":\"Organization\",\"@id\":\"https:\/\/www.horizont.fi\/#organization\",\"name\":\"Horizont - Ilmakuvat\",\"url\":\"https:\/\/www.horizont.fi\/\",\"logo\":{\"@type\":\"ImageObject\",\"inLanguage\":\"en-GB\",\"@id\":\"https:\/\/www.horizont.fi\/#\/schema\/logo\/image\/\",\"url\":\"https:\/\/www.horizont.fi\/horizont\/wp-content\/uploads\/2017\/02\/cropped-logo-horizont2-150.png\",\"contentUrl\":\"https:\/\/www.horizont.fi\/horizont\/wp-content\/uploads\/2017\/02\/cropped-logo-horizont2-150.png\",\"width\":136,\"height\":122,\"caption\":\"Horizont - Ilmakuvat\"},\"image\":{\"@id\":\"https:\/\/www.horizont.fi\/#\/schema\/logo\/image\/\"},\"sameAs\":[\"https:\/\/www.facebook.com\/Horizont.Aerial.Photographers\/\",\"https:\/\/www.instagram.com\/horizont.fi\/\",\"https:\/\/www.youtube.com\/channel\/UC_1M_GpRMYCa9dlvKBQdy-g\"]},{\"@type\":\"Person\",\"@id\":\"https:\/\/www.horizont.fi\/#\/schema\/person\/4117b41d2ca00dda9ba4d3f64ebd5c32\",\"name\":\"Arnold\",\"image\":{\"@type\":\"ImageObject\",\"inLanguage\":\"en-GB\",\"@id\":\"https:\/\/www.horizont.fi\/#\/schema\/person\/image\/\",\"url\":\"https:\/\/secure.gravatar.com\/avatar\/01d855234bf99dd28a5abdf2ec0622d9?s=96&d=mm&r=g\",\"contentUrl\":\"https:\/\/secure.gravatar.com\/avatar\/01d855234bf99dd28a5abdf2ec0622d9?s=96&d=mm&r=g\",\"caption\":\"Arnold\"}}]}<\/script>\n<!-- \/ Yoast SEO plugin. -->","yoast_head_json":{"title":"\u00c4ETS\u00c4N VOIMALAITOS - Sastamala, 4\/2020 - HORIZONT \u2013 Ilmakuvaus","description":"\u00e4ets\u00e4n vesivoimalaitos kokem\u00e4enjoessa","robots":{"index":"index","follow":"follow","max-snippet":"max-snippet:-1","max-image-preview":"max-image-preview:large","max-video-preview":"max-video-preview:-1"},"canonical":"https:\/\/www.horizont.fi\/en\/aetsan-voimalaitos-sastamala-4-2020\/","og_locale":"en_GB","og_type":"article","og_title":"\u00c4ETS\u00c4N VOIMALAITOS - Sastamala, 4\/2020 - HORIZONT \u2013 Ilmakuvaus","og_description":"\u00e4ets\u00e4n vesivoimalaitos kokem\u00e4enjoessa","og_url":"https:\/\/www.horizont.fi\/en\/aetsan-voimalaitos-sastamala-4-2020\/","og_site_name":"HORIZONT \u2013 Ilmakuvaus","article_publisher":"https:\/\/www.facebook.com\/Horizont.Aerial.Photographers\/","article_published_time":"2020-04-18T17:02:56+00:00","article_modified_time":"2020-04-18T17:12:34+00:00","og_image":[{"width":2560,"height":1440,"url":"https:\/\/www.horizont.fi\/horizont\/wp-content\/uploads\/2020\/04\/Horizont.fi_\u00c4ets\u00e4n_voimalaitos_Aleksi_Lammi_2020_Kuva_I_cr-scaled.jpg","type":"image\/jpeg"}],"author":"Arnold","twitter_card":"summary_large_image","twitter_misc":{"Written by":"Arnold"},"schema":{"@context":"https:\/\/schema.org","@graph":[{"@type":"Article","@id":"https:\/\/www.horizont.fi\/aetsan-voimalaitos-sastamala-4-2020\/#article","isPartOf":{"@id":"https:\/\/www.horizont.fi\/aetsan-voimalaitos-sastamala-4-2020\/"},"author":{"name":"Arnold","@id":"https:\/\/www.horizont.fi\/#\/schema\/person\/4117b41d2ca00dda9ba4d3f64ebd5c32"},"headline":"\u00c4ETS\u00c4N VOIMALAITOS &#8211; Sastamala, 4\/2020","datePublished":"2020-04-18T17:02:56+00:00","dateModified":"2020-04-18T17:12:34+00:00","mainEntityOfPage":{"@id":"https:\/\/www.horizont.fi\/aetsan-voimalaitos-sastamala-4-2020\/"},"wordCount":54,"publisher":{"@id":"https:\/\/www.horizont.fi\/#organization"},"image":{"@id":"https:\/\/www.horizont.fi\/aetsan-voimalaitos-sastamala-4-2020\/#primaryimage"},"thumbnailUrl":"https:\/\/www.horizont.fi\/horizont\/wp-content\/uploads\/2020\/04\/Horizont.fi_\u00c4ets\u00e4n_voimalaitos_Aleksi_Lammi_2020_Kuva_I_cr-scaled.jpg","keywords":["drone kuvausta","ilmakuvausta"],"articleSection":["UUSIMMAT KUVAT"],"inLanguage":"en-GB"},{"@type":"WebPage","@id":"https:\/\/www.horizont.fi\/aetsan-voimalaitos-sastamala-4-2020\/","url":"https:\/\/www.horizont.fi\/aetsan-voimalaitos-sastamala-4-2020\/","name":"\u00c4ETS\u00c4N VOIMALAITOS - Sastamala, 4\/2020 - HORIZONT \u2013 Ilmakuvaus","isPartOf":{"@id":"https:\/\/www.horizont.fi\/#website"},"primaryImageOfPage":{"@id":"https:\/\/www.horizont.fi\/aetsan-voimalaitos-sastamala-4-2020\/#primaryimage"},"image":{"@id":"https:\/\/www.horizont.fi\/aetsan-voimalaitos-sastamala-4-2020\/#primaryimage"},"thumbnailUrl":"https:\/\/www.horizont.fi\/horizont\/wp-content\/uploads\/2020\/04\/Horizont.fi_\u00c4ets\u00e4n_voimalaitos_Aleksi_Lammi_2020_Kuva_I_cr-scaled.jpg","datePublished":"2020-04-18T17:02:56+00:00","dateModified":"2020-04-18T17:12:34+00:00","description":"\u00e4ets\u00e4n vesivoimalaitos kokem\u00e4enjoessa","breadcrumb":{"@id":"https:\/\/www.horizont.fi\/aetsan-voimalaitos-sastamala-4-2020\/#breadcrumb"},"inLanguage":"en-GB","potentialAction":[{"@type":"ReadAction","target":["https:\/\/www.horizont.fi\/aetsan-voimalaitos-sastamala-4-2020\/"]}]},{"@type":"ImageObject","inLanguage":"en-GB","@id":"https:\/\/www.horizont.fi\/aetsan-voimalaitos-sastamala-4-2020\/#primaryimage","url":"https:\/\/www.horizont.fi\/horizont\/wp-content\/uploads\/2020\/04\/Horizont.fi_\u00c4ets\u00e4n_voimalaitos_Aleksi_Lammi_2020_Kuva_I_cr-scaled.jpg","contentUrl":"https:\/\/www.horizont.fi\/horizont\/wp-content\/uploads\/2020\/04\/Horizont.fi_\u00c4ets\u00e4n_voimalaitos_Aleksi_Lammi_2020_Kuva_I_cr-scaled.jpg","width":2560,"height":1440,"caption":"kokem\u00e4enjoki ilmakuva"},{"@type":"BreadcrumbList","@id":"https:\/\/www.horizont.fi\/aetsan-voimalaitos-sastamala-4-2020\/#breadcrumb","itemListElement":[{"@type":"ListItem","position":1,"name":"Etusivu","item":"https:\/\/www.horizont.fi\/"},{"@type":"ListItem","position":2,"name":"\u00c4ETS\u00c4N VOIMALAITOS &#8211; Sastamala, 4\/2020"}]},{"@type":"WebSite","@id":"https:\/\/www.horizont.fi\/#website","url":"https:\/\/www.horizont.fi\/","name":"HORIZONT \u2013 Ilmakuvaus","description":"Lennokkaita kuvia ja videoita","publisher":{"@id":"https:\/\/www.horizont.fi\/#organization"},"potentialAction":[{"@type":"SearchAction","target":{"@type":"EntryPoint","urlTemplate":"https:\/\/www.horizont.fi\/?s={search_term_string}"},"query-input":"required name=search_term_string"}],"inLanguage":"en-GB"},{"@type":"Organization","@id":"https:\/\/www.horizont.fi\/#organization","name":"Horizont - Ilmakuvat","url":"https:\/\/www.horizont.fi\/","logo":{"@type":"ImageObject","inLanguage":"en-GB","@id":"https:\/\/www.horizont.fi\/#\/schema\/logo\/image\/","url":"https:\/\/www.horizont.fi\/horizont\/wp-content\/uploads\/2017\/02\/cropped-logo-horizont2-150.png","contentUrl":"https:\/\/www.horizont.fi\/horizont\/wp-content\/uploads\/2017\/02\/cropped-logo-horizont2-150.png","width":136,"height":122,"caption":"Horizont - Ilmakuvat"},"image":{"@id":"https:\/\/www.horizont.fi\/#\/schema\/logo\/image\/"},"sameAs":["https:\/\/www.facebook.com\/Horizont.Aerial.Photographers\/","https:\/\/www.instagram.com\/horizont.fi\/","https:\/\/www.youtube.com\/channel\/UC_1M_GpRMYCa9dlvKBQdy-g"]},{"@type":"Person","@id":"https:\/\/www.horizont.fi\/#\/schema\/person\/4117b41d2ca00dda9ba4d3f64ebd5c32","name":"Arnold","image":{"@type":"ImageObject","inLanguage":"en-GB","@id":"https:\/\/www.horizont.fi\/#\/schema\/person\/image\/","url":"https:\/\/secure.gravatar.com\/avatar\/01d855234bf99dd28a5abdf2ec0622d9?s=96&d=mm&r=g","contentUrl":"https:\/\/secure.gravatar.com\/avatar\/01d855234bf99dd28a5abdf2ec0622d9?s=96&d=mm&r=g","caption":"Arnold"}}]}},"_links":{"self":[{"href":"https:\/\/www.horizont.fi\/en\/wp-json\/wp\/v2\/posts\/12369"}],"collection":[{"href":"https:\/\/www.horizont.fi\/en\/wp-json\/wp\/v2\/posts"}],"about":[{"href":"https:\/\/www.horizont.fi\/en\/wp-json\/wp\/v2\/types\/post"}],"author":[{"embeddable":true,"href":"https:\/\/www.horizont.fi\/en\/wp-json\/wp\/v2\/users\/18"}],"replies":[{"embeddable":true,"href":"https:\/\/www.horizont.fi\/en\/wp-json\/wp\/v2\/comments?post=12369"}],"version-history":[{"count":2,"href":"https:\/\/www.horizont.fi\/en\/wp-json\/wp\/v2\/posts\/12369\/revisions"}],"predecessor-version":[{"id":12372,"href":"https:\/\/www.horizont.fi\/en\/wp-json\/wp\/v2\/posts\/12369\/revisions\/12372"}],"wp:featuredmedia":[{"embeddable":true,"href":"https:\/\/www.horizont.fi\/en\/wp-json\/wp\/v2\/media\/12287"}],"wp:attachment":[{"href":"https:\/\/www.horizont.fi\/en\/wp-json\/wp\/v2\/media?parent=12369"}],"wp:term":[{"taxonomy":"category","embeddable":true,"href":"https:\/\/www.horizont.fi\/en\/wp-json\/wp\/v2\/categories?post=12369"},{"taxonomy":"post_tag","embeddable":true,"href":"https:\/\/www.horizont.fi\/en\/wp-json\/wp\/v2\/tags?post=12369"}],"curies":[{"name":"wp","href":"https:\/\/api.w.org\/{rel}","templated":true}]}}