{"id":12476,"date":"2020-09-06T19:03:49","date_gmt":"2020-09-06T16:03:49","guid":{"rendered":"https:\/\/www.horizont.fi\/?p=12476"},"modified":"2020-09-06T19:03:55","modified_gmt":"2020-09-06T16:03:55","slug":"tyrvaan-kirkko-sastamala-7-2020","status":"publish","type":"post","link":"https:\/\/www.horizont.fi\/en\/tyrvaan-kirkko-sastamala-7-2020\/","title":{"rendered":"TYRV\u00c4\u00c4N KIRKKO \u2013 Sastamala, 7\/2020"},"content":{"rendered":"<p>Kirkko valmistui vuonna 1855, jolloin seurakunta lakkasi k\u00e4ytt\u00e4m\u00e4st\u00e4 vanhaa Tyrv\u00e4\u00e4n Pyh\u00e4n Olavin kirkkoa. Punatiilinen kirkkorakennus sijaitsee Sastamalassa, Vammaskosken sillan pieless\u00e4. Kirkkoon mahtuu n. 1000 henke\u00e4. Rakennus on toinen Suomen kirkoista joka on kaksitorninen, toinen on Johanneksenkirkko Helsingiss\u00e4. Kirkko edustaa uusgoottilaista tyyli\u00e4. Kirkon p\u00e4\u00e4ovea vastap\u00e4\u00e4t\u00e4 ovat sankarihaudat, joiden vieress\u00e4 on sankaripatsas vuodelta 1953.<\/p>\n\n\n\n<a class=\"maxbutton-119 maxbutton maxbutton-kuvapankki2\" target=\"_blank\" rel=\"noopener\" href=\"https:\/\/www.horizont.fi\/en\/kauppa\/\"><span class='mb-text'>TO WEB STORE<\/span><\/a>\n\n\n\n<figure class=\"wp-block-image size-large\"><img decoding=\"async\" loading=\"lazy\" width=\"570\" height=\"541\" src=\"https:\/\/www.horizont.fi\/horizont\/wp-content\/uploads\/2020\/09\/map-TYRV\u00c4\u00c4N.jpg\" alt=\"drone kuvausta\" class=\"wp-image-12477\" srcset=\"https:\/\/www.horizont.fi\/horizont\/wp-content\/uploads\/2020\/09\/map-TYRV\u00c4\u00c4N.jpg 570w, https:\/\/www.horizont.fi\/horizont\/wp-content\/uploads\/2020\/09\/map-TYRV\u00c4\u00c4N-527x500.jpg 527w\" sizes=\"(max-width: 570px) 100vw, 570px\" \/><figcaption>ilmakuva tyrv\u00e4\u00e4n kirkko sastamala<\/figcaption><\/figure>\n\n\n\n<p><\/p>\n\n\n\n<p>Kuvaaja: Aleksi Lammi<\/p>","protected":false},"excerpt":{"rendered":"<p>Kirkko valmistui vuonna 1855, jolloin seurakunta lakkasi k\u00e4ytt\u00e4m\u00e4st\u00e4 vanhaa Tyrv\u00e4\u00e4n Pyh\u00e4n Olavin kirkkoa. Punatiilinen kirkkorakennus sijaitsee Sastamalassa, Vammaskosken sillan pieless\u00e4. Kirkkoon mahtuu n. 1000 henke\u00e4. Rakennus on toinen Suomen kirkoista joka on kaksitorninen, toinen on Johanneksenkirkko Helsingiss\u00e4. Kirkko edustaa uusgoottilaista tyyli\u00e4. Kirkon p\u00e4\u00e4ovea vastap\u00e4\u00e4t\u00e4 ovat sankarihaudat, joiden vieress\u00e4 on sankaripatsas vuodelta 1953. Kuvaaja: Aleksi Lammi<\/p>","protected":false},"author":18,"featured_media":12440,"comment_status":"closed","ping_status":"open","sticky":false,"template":"","format":"standard","meta":{"_monsterinsights_skip_tracking":false,"_monsterinsights_sitenote_active":false,"_monsterinsights_sitenote_note":"","_monsterinsights_sitenote_category":0,"footnotes":""},"categories":[1],"tags":[1627,1728],"yoast_head":"<!-- This site is optimized with the Yoast SEO plugin v22.6 - https:\/\/yoast.com\/wordpress\/plugins\/seo\/ -->\n<title>TYRV\u00c4\u00c4N KIRKKO \u2013 Sastamala, 7\/2020 - HORIZONT \u2013 Ilmakuvaus<\/title>\n<meta name=\"description\" content=\"Kirkko valmistui vuonna 1855, jolloin seurakunta lakkasi k\u00e4ytt\u00e4m\u00e4st\u00e4 vanhaa Tyrv\u00e4\u00e4n Pyh\u00e4n Olavin kirkkoa. Punatiilinen kirkkorakennus sijaitsee\" \/>\n<meta name=\"robots\" content=\"index, follow, max-snippet:-1, max-image-preview:large, max-video-preview:-1\" \/>\n<link rel=\"canonical\" href=\"https:\/\/www.horizont.fi\/en\/tyrvaan-kirkko-sastamala-7-2020\/\" \/>\n<meta property=\"og:locale\" content=\"en_GB\" \/>\n<meta property=\"og:type\" content=\"article\" \/>\n<meta property=\"og:title\" content=\"TYRV\u00c4\u00c4N KIRKKO \u2013 Sastamala, 7\/2020 - HORIZONT \u2013 Ilmakuvaus\" \/>\n<meta property=\"og:description\" content=\"Kirkko valmistui vuonna 1855, jolloin seurakunta lakkasi k\u00e4ytt\u00e4m\u00e4st\u00e4 vanhaa Tyrv\u00e4\u00e4n Pyh\u00e4n Olavin kirkkoa. Punatiilinen kirkkorakennus sijaitsee\" \/>\n<meta property=\"og:url\" content=\"https:\/\/www.horizont.fi\/en\/tyrvaan-kirkko-sastamala-7-2020\/\" \/>\n<meta property=\"og:site_name\" content=\"HORIZONT \u2013 Ilmakuvaus\" \/>\n<meta property=\"article:publisher\" content=\"https:\/\/www.facebook.com\/Horizont.Aerial.Photographers\/\" \/>\n<meta property=\"article:published_time\" content=\"2020-09-06T16:03:49+00:00\" \/>\n<meta property=\"article:modified_time\" content=\"2020-09-06T16:03:55+00:00\" \/>\n<meta property=\"og:image\" content=\"https:\/\/www.horizont.fi\/horizont\/wp-content\/uploads\/2020\/09\/TYRV\u00c4\u00c4N-KIRKKO-kuva-nro-1-\u2013-Aleksi-Lammi-hein\u00e4.2020-cr4-scaled.jpg\" \/>\n\t<meta property=\"og:image:width\" content=\"2560\" \/>\n\t<meta property=\"og:image:height\" content=\"1494\" \/>\n\t<meta property=\"og:image:type\" content=\"image\/jpeg\" \/>\n<meta name=\"author\" content=\"Arnold\" \/>\n<meta name=\"twitter:card\" content=\"summary_large_image\" \/>\n<meta name=\"twitter:label1\" content=\"Written by\" \/>\n\t<meta name=\"twitter:data1\" content=\"Arnold\" \/>\n<script type=\"application\/ld+json\" class=\"yoast-schema-graph\">{\"@context\":\"https:\/\/schema.org\",\"@graph\":[{\"@type\":\"Article\",\"@id\":\"https:\/\/www.horizont.fi\/tyrvaan-kirkko-sastamala-7-2020\/#article\",\"isPartOf\":{\"@id\":\"https:\/\/www.horizont.fi\/tyrvaan-kirkko-sastamala-7-2020\/\"},\"author\":{\"name\":\"Arnold\",\"@id\":\"https:\/\/www.horizont.fi\/#\/schema\/person\/4117b41d2ca00dda9ba4d3f64ebd5c32\"},\"headline\":\"TYRV\u00c4\u00c4N KIRKKO \u2013 Sastamala, 7\/2020\",\"datePublished\":\"2020-09-06T16:03:49+00:00\",\"dateModified\":\"2020-09-06T16:03:55+00:00\",\"mainEntityOfPage\":{\"@id\":\"https:\/\/www.horizont.fi\/tyrvaan-kirkko-sastamala-7-2020\/\"},\"wordCount\":70,\"publisher\":{\"@id\":\"https:\/\/www.horizont.fi\/#organization\"},\"image\":{\"@id\":\"https:\/\/www.horizont.fi\/tyrvaan-kirkko-sastamala-7-2020\/#primaryimage\"},\"thumbnailUrl\":\"https:\/\/www.horizont.fi\/horizont\/wp-content\/uploads\/2020\/09\/TYRV\u00c4\u00c4N-KIRKKO-kuva-nro-1-\u2013-Aleksi-Lammi-hein\u00e4.2020-cr4-scaled.jpg\",\"keywords\":[\"aleksi lammi\",\"ilmakuva sastamala\"],\"articleSection\":[\"UUSIMMAT KUVAT\"],\"inLanguage\":\"en-GB\"},{\"@type\":\"WebPage\",\"@id\":\"https:\/\/www.horizont.fi\/tyrvaan-kirkko-sastamala-7-2020\/\",\"url\":\"https:\/\/www.horizont.fi\/tyrvaan-kirkko-sastamala-7-2020\/\",\"name\":\"TYRV\u00c4\u00c4N KIRKKO \u2013 Sastamala, 7\/2020 - HORIZONT \u2013 Ilmakuvaus\",\"isPartOf\":{\"@id\":\"https:\/\/www.horizont.fi\/#website\"},\"primaryImageOfPage\":{\"@id\":\"https:\/\/www.horizont.fi\/tyrvaan-kirkko-sastamala-7-2020\/#primaryimage\"},\"image\":{\"@id\":\"https:\/\/www.horizont.fi\/tyrvaan-kirkko-sastamala-7-2020\/#primaryimage\"},\"thumbnailUrl\":\"https:\/\/www.horizont.fi\/horizont\/wp-content\/uploads\/2020\/09\/TYRV\u00c4\u00c4N-KIRKKO-kuva-nro-1-\u2013-Aleksi-Lammi-hein\u00e4.2020-cr4-scaled.jpg\",\"datePublished\":\"2020-09-06T16:03:49+00:00\",\"dateModified\":\"2020-09-06T16:03:55+00:00\",\"description\":\"Kirkko valmistui vuonna 1855, jolloin seurakunta lakkasi k\u00e4ytt\u00e4m\u00e4st\u00e4 vanhaa Tyrv\u00e4\u00e4n Pyh\u00e4n Olavin kirkkoa. Punatiilinen kirkkorakennus sijaitsee\",\"breadcrumb\":{\"@id\":\"https:\/\/www.horizont.fi\/tyrvaan-kirkko-sastamala-7-2020\/#breadcrumb\"},\"inLanguage\":\"en-GB\",\"potentialAction\":[{\"@type\":\"ReadAction\",\"target\":[\"https:\/\/www.horizont.fi\/tyrvaan-kirkko-sastamala-7-2020\/\"]}]},{\"@type\":\"ImageObject\",\"inLanguage\":\"en-GB\",\"@id\":\"https:\/\/www.horizont.fi\/tyrvaan-kirkko-sastamala-7-2020\/#primaryimage\",\"url\":\"https:\/\/www.horizont.fi\/horizont\/wp-content\/uploads\/2020\/09\/TYRV\u00c4\u00c4N-KIRKKO-kuva-nro-1-\u2013-Aleksi-Lammi-hein\u00e4.2020-cr4-scaled.jpg\",\"contentUrl\":\"https:\/\/www.horizont.fi\/horizont\/wp-content\/uploads\/2020\/09\/TYRV\u00c4\u00c4N-KIRKKO-kuva-nro-1-\u2013-Aleksi-Lammi-hein\u00e4.2020-cr4-scaled.jpg\",\"width\":2560,\"height\":1494,\"caption\":\"aleksi lammi ilmakuvausta\"},{\"@type\":\"BreadcrumbList\",\"@id\":\"https:\/\/www.horizont.fi\/tyrvaan-kirkko-sastamala-7-2020\/#breadcrumb\",\"itemListElement\":[{\"@type\":\"ListItem\",\"position\":1,\"name\":\"Etusivu\",\"item\":\"https:\/\/www.horizont.fi\/\"},{\"@type\":\"ListItem\",\"position\":2,\"name\":\"TYRV\u00c4\u00c4N KIRKKO \u2013 Sastamala, 7\/2020\"}]},{\"@type\":\"WebSite\",\"@id\":\"https:\/\/www.horizont.fi\/#website\",\"url\":\"https:\/\/www.horizont.fi\/\",\"name\":\"HORIZONT \u2013 Ilmakuvaus\",\"description\":\"Lennokkaita kuvia ja videoita\",\"publisher\":{\"@id\":\"https:\/\/www.horizont.fi\/#organization\"},\"potentialAction\":[{\"@type\":\"SearchAction\",\"target\":{\"@type\":\"EntryPoint\",\"urlTemplate\":\"https:\/\/www.horizont.fi\/?s={search_term_string}\"},\"query-input\":\"required name=search_term_string\"}],\"inLanguage\":\"en-GB\"},{\"@type\":\"Organization\",\"@id\":\"https:\/\/www.horizont.fi\/#organization\",\"name\":\"Horizont - Ilmakuvat\",\"url\":\"https:\/\/www.horizont.fi\/\",\"logo\":{\"@type\":\"ImageObject\",\"inLanguage\":\"en-GB\",\"@id\":\"https:\/\/www.horizont.fi\/#\/schema\/logo\/image\/\",\"url\":\"https:\/\/www.horizont.fi\/horizont\/wp-content\/uploads\/2017\/02\/cropped-logo-horizont2-150.png\",\"contentUrl\":\"https:\/\/www.horizont.fi\/horizont\/wp-content\/uploads\/2017\/02\/cropped-logo-horizont2-150.png\",\"width\":136,\"height\":122,\"caption\":\"Horizont - Ilmakuvat\"},\"image\":{\"@id\":\"https:\/\/www.horizont.fi\/#\/schema\/logo\/image\/\"},\"sameAs\":[\"https:\/\/www.facebook.com\/Horizont.Aerial.Photographers\/\",\"https:\/\/www.instagram.com\/horizont.fi\/\",\"https:\/\/www.youtube.com\/channel\/UC_1M_GpRMYCa9dlvKBQdy-g\"]},{\"@type\":\"Person\",\"@id\":\"https:\/\/www.horizont.fi\/#\/schema\/person\/4117b41d2ca00dda9ba4d3f64ebd5c32\",\"name\":\"Arnold\",\"image\":{\"@type\":\"ImageObject\",\"inLanguage\":\"en-GB\",\"@id\":\"https:\/\/www.horizont.fi\/#\/schema\/person\/image\/\",\"url\":\"https:\/\/secure.gravatar.com\/avatar\/01d855234bf99dd28a5abdf2ec0622d9?s=96&d=mm&r=g\",\"contentUrl\":\"https:\/\/secure.gravatar.com\/avatar\/01d855234bf99dd28a5abdf2ec0622d9?s=96&d=mm&r=g\",\"caption\":\"Arnold\"}}]}<\/script>\n<!-- \/ Yoast SEO plugin. -->","yoast_head_json":{"title":"TYRV\u00c4\u00c4N KIRKKO \u2013 Sastamala, 7\/2020 - HORIZONT \u2013 Ilmakuvaus","description":"Kirkko valmistui vuonna 1855, jolloin seurakunta lakkasi k\u00e4ytt\u00e4m\u00e4st\u00e4 vanhaa Tyrv\u00e4\u00e4n Pyh\u00e4n Olavin kirkkoa. Punatiilinen kirkkorakennus sijaitsee","robots":{"index":"index","follow":"follow","max-snippet":"max-snippet:-1","max-image-preview":"max-image-preview:large","max-video-preview":"max-video-preview:-1"},"canonical":"https:\/\/www.horizont.fi\/en\/tyrvaan-kirkko-sastamala-7-2020\/","og_locale":"en_GB","og_type":"article","og_title":"TYRV\u00c4\u00c4N KIRKKO \u2013 Sastamala, 7\/2020 - HORIZONT \u2013 Ilmakuvaus","og_description":"Kirkko valmistui vuonna 1855, jolloin seurakunta lakkasi k\u00e4ytt\u00e4m\u00e4st\u00e4 vanhaa Tyrv\u00e4\u00e4n Pyh\u00e4n Olavin kirkkoa. Punatiilinen kirkkorakennus sijaitsee","og_url":"https:\/\/www.horizont.fi\/en\/tyrvaan-kirkko-sastamala-7-2020\/","og_site_name":"HORIZONT \u2013 Ilmakuvaus","article_publisher":"https:\/\/www.facebook.com\/Horizont.Aerial.Photographers\/","article_published_time":"2020-09-06T16:03:49+00:00","article_modified_time":"2020-09-06T16:03:55+00:00","og_image":[{"width":2560,"height":1494,"url":"https:\/\/www.horizont.fi\/horizont\/wp-content\/uploads\/2020\/09\/TYRV\u00c4\u00c4N-KIRKKO-kuva-nro-1-\u2013-Aleksi-Lammi-hein\u00e4.2020-cr4-scaled.jpg","type":"image\/jpeg"}],"author":"Arnold","twitter_card":"summary_large_image","twitter_misc":{"Written by":"Arnold"},"schema":{"@context":"https:\/\/schema.org","@graph":[{"@type":"Article","@id":"https:\/\/www.horizont.fi\/tyrvaan-kirkko-sastamala-7-2020\/#article","isPartOf":{"@id":"https:\/\/www.horizont.fi\/tyrvaan-kirkko-sastamala-7-2020\/"},"author":{"name":"Arnold","@id":"https:\/\/www.horizont.fi\/#\/schema\/person\/4117b41d2ca00dda9ba4d3f64ebd5c32"},"headline":"TYRV\u00c4\u00c4N KIRKKO \u2013 Sastamala, 7\/2020","datePublished":"2020-09-06T16:03:49+00:00","dateModified":"2020-09-06T16:03:55+00:00","mainEntityOfPage":{"@id":"https:\/\/www.horizont.fi\/tyrvaan-kirkko-sastamala-7-2020\/"},"wordCount":70,"publisher":{"@id":"https:\/\/www.horizont.fi\/#organization"},"image":{"@id":"https:\/\/www.horizont.fi\/tyrvaan-kirkko-sastamala-7-2020\/#primaryimage"},"thumbnailUrl":"https:\/\/www.horizont.fi\/horizont\/wp-content\/uploads\/2020\/09\/TYRV\u00c4\u00c4N-KIRKKO-kuva-nro-1-\u2013-Aleksi-Lammi-hein\u00e4.2020-cr4-scaled.jpg","keywords":["aleksi lammi","ilmakuva sastamala"],"articleSection":["UUSIMMAT KUVAT"],"inLanguage":"en-GB"},{"@type":"WebPage","@id":"https:\/\/www.horizont.fi\/tyrvaan-kirkko-sastamala-7-2020\/","url":"https:\/\/www.horizont.fi\/tyrvaan-kirkko-sastamala-7-2020\/","name":"TYRV\u00c4\u00c4N KIRKKO \u2013 Sastamala, 7\/2020 - HORIZONT \u2013 Ilmakuvaus","isPartOf":{"@id":"https:\/\/www.horizont.fi\/#website"},"primaryImageOfPage":{"@id":"https:\/\/www.horizont.fi\/tyrvaan-kirkko-sastamala-7-2020\/#primaryimage"},"image":{"@id":"https:\/\/www.horizont.fi\/tyrvaan-kirkko-sastamala-7-2020\/#primaryimage"},"thumbnailUrl":"https:\/\/www.horizont.fi\/horizont\/wp-content\/uploads\/2020\/09\/TYRV\u00c4\u00c4N-KIRKKO-kuva-nro-1-\u2013-Aleksi-Lammi-hein\u00e4.2020-cr4-scaled.jpg","datePublished":"2020-09-06T16:03:49+00:00","dateModified":"2020-09-06T16:03:55+00:00","description":"Kirkko valmistui vuonna 1855, jolloin seurakunta lakkasi k\u00e4ytt\u00e4m\u00e4st\u00e4 vanhaa Tyrv\u00e4\u00e4n Pyh\u00e4n Olavin kirkkoa. Punatiilinen kirkkorakennus sijaitsee","breadcrumb":{"@id":"https:\/\/www.horizont.fi\/tyrvaan-kirkko-sastamala-7-2020\/#breadcrumb"},"inLanguage":"en-GB","potentialAction":[{"@type":"ReadAction","target":["https:\/\/www.horizont.fi\/tyrvaan-kirkko-sastamala-7-2020\/"]}]},{"@type":"ImageObject","inLanguage":"en-GB","@id":"https:\/\/www.horizont.fi\/tyrvaan-kirkko-sastamala-7-2020\/#primaryimage","url":"https:\/\/www.horizont.fi\/horizont\/wp-content\/uploads\/2020\/09\/TYRV\u00c4\u00c4N-KIRKKO-kuva-nro-1-\u2013-Aleksi-Lammi-hein\u00e4.2020-cr4-scaled.jpg","contentUrl":"https:\/\/www.horizont.fi\/horizont\/wp-content\/uploads\/2020\/09\/TYRV\u00c4\u00c4N-KIRKKO-kuva-nro-1-\u2013-Aleksi-Lammi-hein\u00e4.2020-cr4-scaled.jpg","width":2560,"height":1494,"caption":"aleksi lammi ilmakuvausta"},{"@type":"BreadcrumbList","@id":"https:\/\/www.horizont.fi\/tyrvaan-kirkko-sastamala-7-2020\/#breadcrumb","itemListElement":[{"@type":"ListItem","position":1,"name":"Etusivu","item":"https:\/\/www.horizont.fi\/"},{"@type":"ListItem","position":2,"name":"TYRV\u00c4\u00c4N KIRKKO \u2013 Sastamala, 7\/2020"}]},{"@type":"WebSite","@id":"https:\/\/www.horizont.fi\/#website","url":"https:\/\/www.horizont.fi\/","name":"HORIZONT \u2013 Ilmakuvaus","description":"Lennokkaita kuvia ja videoita","publisher":{"@id":"https:\/\/www.horizont.fi\/#organization"},"potentialAction":[{"@type":"SearchAction","target":{"@type":"EntryPoint","urlTemplate":"https:\/\/www.horizont.fi\/?s={search_term_string}"},"query-input":"required name=search_term_string"}],"inLanguage":"en-GB"},{"@type":"Organization","@id":"https:\/\/www.horizont.fi\/#organization","name":"Horizont - Ilmakuvat","url":"https:\/\/www.horizont.fi\/","logo":{"@type":"ImageObject","inLanguage":"en-GB","@id":"https:\/\/www.horizont.fi\/#\/schema\/logo\/image\/","url":"https:\/\/www.horizont.fi\/horizont\/wp-content\/uploads\/2017\/02\/cropped-logo-horizont2-150.png","contentUrl":"https:\/\/www.horizont.fi\/horizont\/wp-content\/uploads\/2017\/02\/cropped-logo-horizont2-150.png","width":136,"height":122,"caption":"Horizont - Ilmakuvat"},"image":{"@id":"https:\/\/www.horizont.fi\/#\/schema\/logo\/image\/"},"sameAs":["https:\/\/www.facebook.com\/Horizont.Aerial.Photographers\/","https:\/\/www.instagram.com\/horizont.fi\/","https:\/\/www.youtube.com\/channel\/UC_1M_GpRMYCa9dlvKBQdy-g"]},{"@type":"Person","@id":"https:\/\/www.horizont.fi\/#\/schema\/person\/4117b41d2ca00dda9ba4d3f64ebd5c32","name":"Arnold","image":{"@type":"ImageObject","inLanguage":"en-GB","@id":"https:\/\/www.horizont.fi\/#\/schema\/person\/image\/","url":"https:\/\/secure.gravatar.com\/avatar\/01d855234bf99dd28a5abdf2ec0622d9?s=96&d=mm&r=g","contentUrl":"https:\/\/secure.gravatar.com\/avatar\/01d855234bf99dd28a5abdf2ec0622d9?s=96&d=mm&r=g","caption":"Arnold"}}]}},"_links":{"self":[{"href":"https:\/\/www.horizont.fi\/en\/wp-json\/wp\/v2\/posts\/12476"}],"collection":[{"href":"https:\/\/www.horizont.fi\/en\/wp-json\/wp\/v2\/posts"}],"about":[{"href":"https:\/\/www.horizont.fi\/en\/wp-json\/wp\/v2\/types\/post"}],"author":[{"embeddable":true,"href":"https:\/\/www.horizont.fi\/en\/wp-json\/wp\/v2\/users\/18"}],"replies":[{"embeddable":true,"href":"https:\/\/www.horizont.fi\/en\/wp-json\/wp\/v2\/comments?post=12476"}],"version-history":[{"count":1,"href":"https:\/\/www.horizont.fi\/en\/wp-json\/wp\/v2\/posts\/12476\/revisions"}],"predecessor-version":[{"id":12478,"href":"https:\/\/www.horizont.fi\/en\/wp-json\/wp\/v2\/posts\/12476\/revisions\/12478"}],"wp:featuredmedia":[{"embeddable":true,"href":"https:\/\/www.horizont.fi\/en\/wp-json\/wp\/v2\/media\/12440"}],"wp:attachment":[{"href":"https:\/\/www.horizont.fi\/en\/wp-json\/wp\/v2\/media?parent=12476"}],"wp:term":[{"taxonomy":"category","embeddable":true,"href":"https:\/\/www.horizont.fi\/en\/wp-json\/wp\/v2\/categories?post=12476"},{"taxonomy":"post_tag","embeddable":true,"href":"https:\/\/www.horizont.fi\/en\/wp-json\/wp\/v2\/tags?post=12476"}],"curies":[{"name":"wp","href":"https:\/\/api.w.org\/{rel}","templated":true}]}}