{"id":12584,"date":"2021-03-14T17:47:20","date_gmt":"2021-03-14T15:47:20","guid":{"rendered":"http:\/\/www.horizont.fi\/?p=12584"},"modified":"2021-03-14T17:54:11","modified_gmt":"2021-03-14T15:54:11","slug":"pappilanrannan-silta-sastamala-8-2020","status":"publish","type":"post","link":"https:\/\/www.horizont.fi\/en\/pappilanrannan-silta-sastamala-8-2020\/","title":{"rendered":"PAPPILANRANNAN SILTA &#8211; Sastamala, 8\/2020"},"content":{"rendered":"<p>Sastamalan keskustassa oleva kaunis kaarisilta kevyelle liikenteelle ja jalankulkijoille. Sillan kautta kulkee kaupunkilaisten keskuudessa suosittu ulkoilureitti joka kulkee Pappilanpuiston l\u00e4pi, pitkin Liekoveden rantaa. Liekovesi on osa yht\u00e4 Suomen suurinta vesist\u00f6\u00e4, se kuuluu Kokem\u00e4enjoen vesist\u00f6\u00f6n joka virtaa Tampereen suunnasta Porin kautta Pohjanlahteen.<img decoding=\"async\" loading=\"lazy\" width=\"781\" height=\"579\" class=\"wp-image-12588\" style=\"width: 700px;\" src=\"http:\/\/www.horizont.fi\/horizont\/wp-content\/uploads\/2021\/03\/map-pappilanranta-1.jpg\" alt=\"ilmakuva aleksi lammi\" srcset=\"https:\/\/www.horizont.fi\/horizont\/wp-content\/uploads\/2021\/03\/map-pappilanranta-1.jpg 781w, https:\/\/www.horizont.fi\/horizont\/wp-content\/uploads\/2021\/03\/map-pappilanranta-1-600x445.jpg 600w, https:\/\/www.horizont.fi\/horizont\/wp-content\/uploads\/2021\/03\/map-pappilanranta-1-768x569.jpg 768w, https:\/\/www.horizont.fi\/horizont\/wp-content\/uploads\/2021\/03\/map-pappilanranta-1-16x12.jpg 16w\" sizes=\"(max-width: 781px) 100vw, 781px\" \/><\/p>\n\n\n\n\n\n<a class=\"maxbutton-119 maxbutton maxbutton-kuvapankki2\" target=\"_blank\" rel=\"noopener\" href=\"https:\/\/www.horizont.fi\/en\/kauppa\/\"><span class='mb-text'>TO WEB STORE<\/span><\/a>","protected":false},"excerpt":{"rendered":"<p>Sastamalan keskustassa oleva kaunis kaarisilta kevyelle liikenteelle ja jalankulkijoille. Sillan kautta kulkee kaupunkilaisten keskuudessa suosittu ulkoilureitti joka kulkee Pappilanpuiston l\u00e4pi, pitkin Liekoveden rantaa. Liekovesi on osa yht\u00e4 Suomen suurinta vesist\u00f6\u00e4, se kuuluu Kokem\u00e4enjoen vesist\u00f6\u00f6n joka virtaa Tampereen suunnasta Porin kautta Pohjanlahteen.<\/p>","protected":false},"author":18,"featured_media":12585,"comment_status":"closed","ping_status":"open","sticky":false,"template":"","format":"standard","meta":{"_monsterinsights_skip_tracking":false,"_monsterinsights_sitenote_active":false,"_monsterinsights_sitenote_note":"","_monsterinsights_sitenote_category":0,"footnotes":""},"categories":[21],"tags":[],"yoast_head":"<!-- This site is optimized with the Yoast SEO plugin v22.6 - https:\/\/yoast.com\/wordpress\/plugins\/seo\/ -->\n<title>PAPPILANRANNAN SILTA - Sastamala, 8\/2020 - HORIZONT \u2013 Ilmakuvaus<\/title>\n<meta name=\"description\" content=\"Sastamalan keskustassa oleva kaunis kaarisilta kevyelle liikenteelle ja jalankulkijoille. Sillan kautta kulkee kaupunkilaisten keskuudessa suosittu\" \/>\n<meta name=\"robots\" content=\"index, follow, max-snippet:-1, max-image-preview:large, max-video-preview:-1\" \/>\n<link rel=\"canonical\" href=\"https:\/\/www.horizont.fi\/en\/pappilanrannan-silta-sastamala-8-2020\/\" \/>\n<meta property=\"og:locale\" content=\"en_GB\" \/>\n<meta property=\"og:type\" content=\"article\" \/>\n<meta property=\"og:title\" content=\"PAPPILANRANNAN SILTA - Sastamala, 8\/2020 - HORIZONT \u2013 Ilmakuvaus\" \/>\n<meta property=\"og:description\" content=\"Sastamalan keskustassa oleva kaunis kaarisilta kevyelle liikenteelle ja jalankulkijoille. Sillan kautta kulkee kaupunkilaisten keskuudessa suosittu\" \/>\n<meta property=\"og:url\" content=\"https:\/\/www.horizont.fi\/en\/pappilanrannan-silta-sastamala-8-2020\/\" \/>\n<meta property=\"og:site_name\" content=\"HORIZONT \u2013 Ilmakuvaus\" \/>\n<meta property=\"article:publisher\" content=\"https:\/\/www.facebook.com\/Horizont.Aerial.Photographers\/\" \/>\n<meta property=\"article:published_time\" content=\"2021-03-14T15:47:20+00:00\" \/>\n<meta property=\"article:modified_time\" content=\"2021-03-14T15:54:11+00:00\" \/>\n<meta property=\"og:image\" content=\"https:\/\/www.horizont.fi\/horizont\/wp-content\/uploads\/2021\/03\/Horizont.fi_Pappilanrannan_kaarisilta_Aleksi_Lammi_2020_vesileimalla-2-scaled.jpg\" \/>\n\t<meta property=\"og:image:width\" content=\"2560\" \/>\n\t<meta property=\"og:image:height\" content=\"1463\" \/>\n\t<meta property=\"og:image:type\" content=\"image\/jpeg\" \/>\n<meta name=\"author\" content=\"Arnold\" \/>\n<meta name=\"twitter:card\" content=\"summary_large_image\" \/>\n<meta name=\"twitter:label1\" content=\"Written by\" \/>\n\t<meta name=\"twitter:data1\" content=\"Arnold\" \/>\n\t<meta name=\"twitter:label2\" content=\"Estimated reading time\" \/>\n\t<meta name=\"twitter:data2\" content=\"1 minute\" \/>\n<script type=\"application\/ld+json\" class=\"yoast-schema-graph\">{\"@context\":\"https:\/\/schema.org\",\"@graph\":[{\"@type\":\"Article\",\"@id\":\"https:\/\/www.horizont.fi\/pappilanrannan-silta-sastamala-8-2020\/#article\",\"isPartOf\":{\"@id\":\"https:\/\/www.horizont.fi\/pappilanrannan-silta-sastamala-8-2020\/\"},\"author\":{\"name\":\"Arnold\",\"@id\":\"https:\/\/www.horizont.fi\/#\/schema\/person\/4117b41d2ca00dda9ba4d3f64ebd5c32\"},\"headline\":\"PAPPILANRANNAN SILTA &#8211; Sastamala, 8\/2020\",\"datePublished\":\"2021-03-14T15:47:20+00:00\",\"dateModified\":\"2021-03-14T15:54:11+00:00\",\"mainEntityOfPage\":{\"@id\":\"https:\/\/www.horizont.fi\/pappilanrannan-silta-sastamala-8-2020\/\"},\"wordCount\":50,\"publisher\":{\"@id\":\"https:\/\/www.horizont.fi\/#organization\"},\"image\":{\"@id\":\"https:\/\/www.horizont.fi\/pappilanrannan-silta-sastamala-8-2020\/#primaryimage\"},\"thumbnailUrl\":\"https:\/\/www.horizont.fi\/horizont\/wp-content\/uploads\/2021\/03\/Horizont.fi_Pappilanrannan_kaarisilta_Aleksi_Lammi_2020_vesileimalla-2-scaled.jpg\",\"articleSection\":[\"Uncategorized @fi\"],\"inLanguage\":\"en-GB\"},{\"@type\":\"WebPage\",\"@id\":\"https:\/\/www.horizont.fi\/pappilanrannan-silta-sastamala-8-2020\/\",\"url\":\"https:\/\/www.horizont.fi\/pappilanrannan-silta-sastamala-8-2020\/\",\"name\":\"PAPPILANRANNAN SILTA - Sastamala, 8\/2020 - HORIZONT \u2013 Ilmakuvaus\",\"isPartOf\":{\"@id\":\"https:\/\/www.horizont.fi\/#website\"},\"primaryImageOfPage\":{\"@id\":\"https:\/\/www.horizont.fi\/pappilanrannan-silta-sastamala-8-2020\/#primaryimage\"},\"image\":{\"@id\":\"https:\/\/www.horizont.fi\/pappilanrannan-silta-sastamala-8-2020\/#primaryimage\"},\"thumbnailUrl\":\"https:\/\/www.horizont.fi\/horizont\/wp-content\/uploads\/2021\/03\/Horizont.fi_Pappilanrannan_kaarisilta_Aleksi_Lammi_2020_vesileimalla-2-scaled.jpg\",\"datePublished\":\"2021-03-14T15:47:20+00:00\",\"dateModified\":\"2021-03-14T15:54:11+00:00\",\"description\":\"Sastamalan keskustassa oleva kaunis kaarisilta kevyelle liikenteelle ja jalankulkijoille. Sillan kautta kulkee kaupunkilaisten keskuudessa suosittu\",\"breadcrumb\":{\"@id\":\"https:\/\/www.horizont.fi\/pappilanrannan-silta-sastamala-8-2020\/#breadcrumb\"},\"inLanguage\":\"en-GB\",\"potentialAction\":[{\"@type\":\"ReadAction\",\"target\":[\"https:\/\/www.horizont.fi\/pappilanrannan-silta-sastamala-8-2020\/\"]}]},{\"@type\":\"ImageObject\",\"inLanguage\":\"en-GB\",\"@id\":\"https:\/\/www.horizont.fi\/pappilanrannan-silta-sastamala-8-2020\/#primaryimage\",\"url\":\"https:\/\/www.horizont.fi\/horizont\/wp-content\/uploads\/2021\/03\/Horizont.fi_Pappilanrannan_kaarisilta_Aleksi_Lammi_2020_vesileimalla-2-scaled.jpg\",\"contentUrl\":\"https:\/\/www.horizont.fi\/horizont\/wp-content\/uploads\/2021\/03\/Horizont.fi_Pappilanrannan_kaarisilta_Aleksi_Lammi_2020_vesileimalla-2-scaled.jpg\",\"width\":2560,\"height\":1463,\"caption\":\"ilmakuvausta pappilanrannan silta\"},{\"@type\":\"BreadcrumbList\",\"@id\":\"https:\/\/www.horizont.fi\/pappilanrannan-silta-sastamala-8-2020\/#breadcrumb\",\"itemListElement\":[{\"@type\":\"ListItem\",\"position\":1,\"name\":\"Etusivu\",\"item\":\"https:\/\/www.horizont.fi\/\"},{\"@type\":\"ListItem\",\"position\":2,\"name\":\"PAPPILANRANNAN SILTA &#8211; Sastamala, 8\/2020\"}]},{\"@type\":\"WebSite\",\"@id\":\"https:\/\/www.horizont.fi\/#website\",\"url\":\"https:\/\/www.horizont.fi\/\",\"name\":\"HORIZONT \u2013 Ilmakuvaus\",\"description\":\"Lennokkaita kuvia ja videoita\",\"publisher\":{\"@id\":\"https:\/\/www.horizont.fi\/#organization\"},\"potentialAction\":[{\"@type\":\"SearchAction\",\"target\":{\"@type\":\"EntryPoint\",\"urlTemplate\":\"https:\/\/www.horizont.fi\/?s={search_term_string}\"},\"query-input\":\"required name=search_term_string\"}],\"inLanguage\":\"en-GB\"},{\"@type\":\"Organization\",\"@id\":\"https:\/\/www.horizont.fi\/#organization\",\"name\":\"Horizont - Ilmakuvat\",\"url\":\"https:\/\/www.horizont.fi\/\",\"logo\":{\"@type\":\"ImageObject\",\"inLanguage\":\"en-GB\",\"@id\":\"https:\/\/www.horizont.fi\/#\/schema\/logo\/image\/\",\"url\":\"https:\/\/www.horizont.fi\/horizont\/wp-content\/uploads\/2017\/02\/cropped-logo-horizont2-150.png\",\"contentUrl\":\"https:\/\/www.horizont.fi\/horizont\/wp-content\/uploads\/2017\/02\/cropped-logo-horizont2-150.png\",\"width\":136,\"height\":122,\"caption\":\"Horizont - Ilmakuvat\"},\"image\":{\"@id\":\"https:\/\/www.horizont.fi\/#\/schema\/logo\/image\/\"},\"sameAs\":[\"https:\/\/www.facebook.com\/Horizont.Aerial.Photographers\/\",\"https:\/\/www.instagram.com\/horizont.fi\/\",\"https:\/\/www.youtube.com\/channel\/UC_1M_GpRMYCa9dlvKBQdy-g\"]},{\"@type\":\"Person\",\"@id\":\"https:\/\/www.horizont.fi\/#\/schema\/person\/4117b41d2ca00dda9ba4d3f64ebd5c32\",\"name\":\"Arnold\",\"image\":{\"@type\":\"ImageObject\",\"inLanguage\":\"en-GB\",\"@id\":\"https:\/\/www.horizont.fi\/#\/schema\/person\/image\/\",\"url\":\"https:\/\/secure.gravatar.com\/avatar\/01d855234bf99dd28a5abdf2ec0622d9?s=96&d=mm&r=g\",\"contentUrl\":\"https:\/\/secure.gravatar.com\/avatar\/01d855234bf99dd28a5abdf2ec0622d9?s=96&d=mm&r=g\",\"caption\":\"Arnold\"}}]}<\/script>\n<!-- \/ Yoast SEO plugin. -->","yoast_head_json":{"title":"PAPPILANRANNAN SILTA - Sastamala, 8\/2020 - HORIZONT \u2013 Ilmakuvaus","description":"Sastamalan keskustassa oleva kaunis kaarisilta kevyelle liikenteelle ja jalankulkijoille. Sillan kautta kulkee kaupunkilaisten keskuudessa suosittu","robots":{"index":"index","follow":"follow","max-snippet":"max-snippet:-1","max-image-preview":"max-image-preview:large","max-video-preview":"max-video-preview:-1"},"canonical":"https:\/\/www.horizont.fi\/en\/pappilanrannan-silta-sastamala-8-2020\/","og_locale":"en_GB","og_type":"article","og_title":"PAPPILANRANNAN SILTA - Sastamala, 8\/2020 - HORIZONT \u2013 Ilmakuvaus","og_description":"Sastamalan keskustassa oleva kaunis kaarisilta kevyelle liikenteelle ja jalankulkijoille. Sillan kautta kulkee kaupunkilaisten keskuudessa suosittu","og_url":"https:\/\/www.horizont.fi\/en\/pappilanrannan-silta-sastamala-8-2020\/","og_site_name":"HORIZONT \u2013 Ilmakuvaus","article_publisher":"https:\/\/www.facebook.com\/Horizont.Aerial.Photographers\/","article_published_time":"2021-03-14T15:47:20+00:00","article_modified_time":"2021-03-14T15:54:11+00:00","og_image":[{"width":2560,"height":1463,"url":"https:\/\/www.horizont.fi\/horizont\/wp-content\/uploads\/2021\/03\/Horizont.fi_Pappilanrannan_kaarisilta_Aleksi_Lammi_2020_vesileimalla-2-scaled.jpg","type":"image\/jpeg"}],"author":"Arnold","twitter_card":"summary_large_image","twitter_misc":{"Written by":"Arnold","Estimated reading time":"1 minute"},"schema":{"@context":"https:\/\/schema.org","@graph":[{"@type":"Article","@id":"https:\/\/www.horizont.fi\/pappilanrannan-silta-sastamala-8-2020\/#article","isPartOf":{"@id":"https:\/\/www.horizont.fi\/pappilanrannan-silta-sastamala-8-2020\/"},"author":{"name":"Arnold","@id":"https:\/\/www.horizont.fi\/#\/schema\/person\/4117b41d2ca00dda9ba4d3f64ebd5c32"},"headline":"PAPPILANRANNAN SILTA &#8211; Sastamala, 8\/2020","datePublished":"2021-03-14T15:47:20+00:00","dateModified":"2021-03-14T15:54:11+00:00","mainEntityOfPage":{"@id":"https:\/\/www.horizont.fi\/pappilanrannan-silta-sastamala-8-2020\/"},"wordCount":50,"publisher":{"@id":"https:\/\/www.horizont.fi\/#organization"},"image":{"@id":"https:\/\/www.horizont.fi\/pappilanrannan-silta-sastamala-8-2020\/#primaryimage"},"thumbnailUrl":"https:\/\/www.horizont.fi\/horizont\/wp-content\/uploads\/2021\/03\/Horizont.fi_Pappilanrannan_kaarisilta_Aleksi_Lammi_2020_vesileimalla-2-scaled.jpg","articleSection":["Uncategorized @fi"],"inLanguage":"en-GB"},{"@type":"WebPage","@id":"https:\/\/www.horizont.fi\/pappilanrannan-silta-sastamala-8-2020\/","url":"https:\/\/www.horizont.fi\/pappilanrannan-silta-sastamala-8-2020\/","name":"PAPPILANRANNAN SILTA - Sastamala, 8\/2020 - HORIZONT \u2013 Ilmakuvaus","isPartOf":{"@id":"https:\/\/www.horizont.fi\/#website"},"primaryImageOfPage":{"@id":"https:\/\/www.horizont.fi\/pappilanrannan-silta-sastamala-8-2020\/#primaryimage"},"image":{"@id":"https:\/\/www.horizont.fi\/pappilanrannan-silta-sastamala-8-2020\/#primaryimage"},"thumbnailUrl":"https:\/\/www.horizont.fi\/horizont\/wp-content\/uploads\/2021\/03\/Horizont.fi_Pappilanrannan_kaarisilta_Aleksi_Lammi_2020_vesileimalla-2-scaled.jpg","datePublished":"2021-03-14T15:47:20+00:00","dateModified":"2021-03-14T15:54:11+00:00","description":"Sastamalan keskustassa oleva kaunis kaarisilta kevyelle liikenteelle ja jalankulkijoille. Sillan kautta kulkee kaupunkilaisten keskuudessa suosittu","breadcrumb":{"@id":"https:\/\/www.horizont.fi\/pappilanrannan-silta-sastamala-8-2020\/#breadcrumb"},"inLanguage":"en-GB","potentialAction":[{"@type":"ReadAction","target":["https:\/\/www.horizont.fi\/pappilanrannan-silta-sastamala-8-2020\/"]}]},{"@type":"ImageObject","inLanguage":"en-GB","@id":"https:\/\/www.horizont.fi\/pappilanrannan-silta-sastamala-8-2020\/#primaryimage","url":"https:\/\/www.horizont.fi\/horizont\/wp-content\/uploads\/2021\/03\/Horizont.fi_Pappilanrannan_kaarisilta_Aleksi_Lammi_2020_vesileimalla-2-scaled.jpg","contentUrl":"https:\/\/www.horizont.fi\/horizont\/wp-content\/uploads\/2021\/03\/Horizont.fi_Pappilanrannan_kaarisilta_Aleksi_Lammi_2020_vesileimalla-2-scaled.jpg","width":2560,"height":1463,"caption":"ilmakuvausta pappilanrannan silta"},{"@type":"BreadcrumbList","@id":"https:\/\/www.horizont.fi\/pappilanrannan-silta-sastamala-8-2020\/#breadcrumb","itemListElement":[{"@type":"ListItem","position":1,"name":"Etusivu","item":"https:\/\/www.horizont.fi\/"},{"@type":"ListItem","position":2,"name":"PAPPILANRANNAN SILTA &#8211; Sastamala, 8\/2020"}]},{"@type":"WebSite","@id":"https:\/\/www.horizont.fi\/#website","url":"https:\/\/www.horizont.fi\/","name":"HORIZONT \u2013 Ilmakuvaus","description":"Lennokkaita kuvia ja videoita","publisher":{"@id":"https:\/\/www.horizont.fi\/#organization"},"potentialAction":[{"@type":"SearchAction","target":{"@type":"EntryPoint","urlTemplate":"https:\/\/www.horizont.fi\/?s={search_term_string}"},"query-input":"required name=search_term_string"}],"inLanguage":"en-GB"},{"@type":"Organization","@id":"https:\/\/www.horizont.fi\/#organization","name":"Horizont - Ilmakuvat","url":"https:\/\/www.horizont.fi\/","logo":{"@type":"ImageObject","inLanguage":"en-GB","@id":"https:\/\/www.horizont.fi\/#\/schema\/logo\/image\/","url":"https:\/\/www.horizont.fi\/horizont\/wp-content\/uploads\/2017\/02\/cropped-logo-horizont2-150.png","contentUrl":"https:\/\/www.horizont.fi\/horizont\/wp-content\/uploads\/2017\/02\/cropped-logo-horizont2-150.png","width":136,"height":122,"caption":"Horizont - Ilmakuvat"},"image":{"@id":"https:\/\/www.horizont.fi\/#\/schema\/logo\/image\/"},"sameAs":["https:\/\/www.facebook.com\/Horizont.Aerial.Photographers\/","https:\/\/www.instagram.com\/horizont.fi\/","https:\/\/www.youtube.com\/channel\/UC_1M_GpRMYCa9dlvKBQdy-g"]},{"@type":"Person","@id":"https:\/\/www.horizont.fi\/#\/schema\/person\/4117b41d2ca00dda9ba4d3f64ebd5c32","name":"Arnold","image":{"@type":"ImageObject","inLanguage":"en-GB","@id":"https:\/\/www.horizont.fi\/#\/schema\/person\/image\/","url":"https:\/\/secure.gravatar.com\/avatar\/01d855234bf99dd28a5abdf2ec0622d9?s=96&d=mm&r=g","contentUrl":"https:\/\/secure.gravatar.com\/avatar\/01d855234bf99dd28a5abdf2ec0622d9?s=96&d=mm&r=g","caption":"Arnold"}}]}},"_links":{"self":[{"href":"https:\/\/www.horizont.fi\/en\/wp-json\/wp\/v2\/posts\/12584"}],"collection":[{"href":"https:\/\/www.horizont.fi\/en\/wp-json\/wp\/v2\/posts"}],"about":[{"href":"https:\/\/www.horizont.fi\/en\/wp-json\/wp\/v2\/types\/post"}],"author":[{"embeddable":true,"href":"https:\/\/www.horizont.fi\/en\/wp-json\/wp\/v2\/users\/18"}],"replies":[{"embeddable":true,"href":"https:\/\/www.horizont.fi\/en\/wp-json\/wp\/v2\/comments?post=12584"}],"version-history":[{"count":2,"href":"https:\/\/www.horizont.fi\/en\/wp-json\/wp\/v2\/posts\/12584\/revisions"}],"predecessor-version":[{"id":12589,"href":"https:\/\/www.horizont.fi\/en\/wp-json\/wp\/v2\/posts\/12584\/revisions\/12589"}],"wp:featuredmedia":[{"embeddable":true,"href":"https:\/\/www.horizont.fi\/en\/wp-json\/wp\/v2\/media\/12585"}],"wp:attachment":[{"href":"https:\/\/www.horizont.fi\/en\/wp-json\/wp\/v2\/media?parent=12584"}],"wp:term":[{"taxonomy":"category","embeddable":true,"href":"https:\/\/www.horizont.fi\/en\/wp-json\/wp\/v2\/categories?post=12584"},{"taxonomy":"post_tag","embeddable":true,"href":"https:\/\/www.horizont.fi\/en\/wp-json\/wp\/v2\/tags?post=12584"}],"curies":[{"name":"wp","href":"https:\/\/api.w.org\/{rel}","templated":true}]}}