{"id":12627,"date":"2021-07-05T22:13:34","date_gmt":"2021-07-05T19:13:34","guid":{"rendered":"http:\/\/www.horizont.fi\/?p=12627"},"modified":"2021-07-05T22:19:42","modified_gmt":"2021-07-05T19:19:42","slug":"aapiskukko-liikenneasema-palkane-7-2021","status":"publish","type":"post","link":"https:\/\/www.horizont.fi\/en\/aapiskukko-liikenneasema-palkane-7-2021\/","title":{"rendered":"AAPISKUKKO LIIKENNEASEMA \u2013 P\u00e4lk\u00e4ne, 7\/2021"},"content":{"rendered":"<p class=\"wp-block-paragraph\">Aapiskukko-liikenneasema sijaitsee Lahden ja Tampereen v\u00e4lisen valtatie 12:n varrella P\u00e4lk\u00e4neell\u00e4. Nimens\u00e4 asema on saanut siit\u00e4 ett\u00e4 puuaapinen otettiin k\u00e4ytt\u00f6\u00f6n ensimm\u00e4isen kerran juuri P\u00e4lk\u00e4neell\u00e4 1700-luvun alussa. Aiemmin paikalla sijaitsi suosittu Tervapirtti -ravintola mutta sen toiminta lopetettiin kun Aapiskukko aukesi 1990-luvulla. Tervapirtist\u00e4 kuitenkin s\u00e4ilytettiin osa ja se toimii matkamuistomyym\u00e4l\u00e4n\u00e4 t\u00e4ll\u00e4 hetkell\u00e4 (rakennus kuvan vasemmassa laidassa). Aapiskukossa on my\u00f6s 32 huoneen hotelli sek\u00e4 useampi pikaruokapaikka.<\/p>\n\n\n\n<p class=\"wp-block-paragraph\">Kuva: Ari Lepist\u00f6<\/p>\n\n\n\n<p class=\"wp-block-paragraph\"><a class=\"maxbutton-119 maxbutton maxbutton-kuvapankki2\" target=\"_blank\" rel=\"noopener\" href=\"https:\/\/www.horizont.fi\/en\/kauppa\/\"><span class='mb-text'>TO WEB STORE<\/span><\/a><\/p>\n\n\n\n<figure class=\"wp-block-image size-large\"><img loading=\"lazy\" decoding=\"async\" width=\"691\" height=\"435\" src=\"http:\/\/www.horizont.fi\/horizont\/wp-content\/uploads\/2021\/07\/map-aapiskukko.jpg\" alt=\"drone-kuva horizont\" class=\"wp-image-12619\" srcset=\"https:\/\/www.horizont.fi\/horizont\/wp-content\/uploads\/2021\/07\/map-aapiskukko.jpg 691w, https:\/\/www.horizont.fi\/horizont\/wp-content\/uploads\/2021\/07\/map-aapiskukko-600x378.jpg 600w, https:\/\/www.horizont.fi\/horizont\/wp-content\/uploads\/2021\/07\/map-aapiskukko-16x10.jpg 16w\" sizes=\"auto, (max-width: 691px) 100vw, 691px\" \/><figcaption>p\u00e4lk\u00e4ne aapiskukko valokuva<\/figcaption><\/figure>","protected":false},"excerpt":{"rendered":"<p>Aapiskukko-liikenneasema sijaitsee Lahden ja Tampereen v\u00e4lisen valtatie 12:n varrella P\u00e4lk\u00e4neell\u00e4. Nimens\u00e4 asema on saanut siit\u00e4 ett\u00e4 puuaapinen otettiin k\u00e4ytt\u00f6\u00f6n ensimm\u00e4isen kerran juuri P\u00e4lk\u00e4neell\u00e4 1700-luvun alussa. Aiemmin paikalla sijaitsi suosittu Tervapirtti -ravintola mutta sen toiminta lopetettiin kun Aapiskukko aukesi 1990-luvulla. Tervapirtist\u00e4 kuitenkin s\u00e4ilytettiin osa ja se toimii matkamuistomyym\u00e4l\u00e4n\u00e4 t\u00e4ll\u00e4 hetkell\u00e4 (rakennus kuvan vasemmassa laidassa). Aapiskukossa on [&hellip;]<\/p>\n","protected":false},"author":18,"featured_media":12614,"comment_status":"closed","ping_status":"open","sticky":false,"template":"","format":"standard","meta":{"_monsterinsights_skip_tracking":false,"_monsterinsights_sitenote_active":false,"_monsterinsights_sitenote_note":"","_monsterinsights_sitenote_category":0,"footnotes":""},"categories":[21],"tags":[],"class_list":["post-12627","post","type-post","status-publish","format-standard","has-post-thumbnail","hentry","category-uncategorized-fi"],"yoast_head":"<!-- This site is optimized with the Yoast SEO plugin v27.8 - https:\/\/yoast.com\/product\/yoast-seo-wordpress\/ -->\n<title>AAPISKUKKO LIIKENNEASEMA \u2013 P\u00e4lk\u00e4ne, 7\/2021 - HORIZONT \u2013 Ilmakuvaus<\/title>\n<meta name=\"description\" content=\"Aapiskukko-liikenneasema sijaitsee Lahden ja Tampereen v\u00e4lisen valtatie 12:n varrella P\u00e4lk\u00e4neell\u00e4. Nimens\u00e4 asema on saanut siit\u00e4 ett\u00e4 puuaapinen otettiin\" \/>\n<meta name=\"robots\" content=\"index, follow, max-snippet:-1, max-image-preview:large, max-video-preview:-1\" \/>\n<link rel=\"canonical\" href=\"https:\/\/www.horizont.fi\/en\/aapiskukko-liikenneasema-palkane-7-2021\/\" \/>\n<meta property=\"og:locale\" content=\"en_GB\" \/>\n<meta property=\"og:type\" content=\"article\" \/>\n<meta property=\"og:title\" content=\"AAPISKUKKO LIIKENNEASEMA \u2013 P\u00e4lk\u00e4ne, 7\/2021 - HORIZONT \u2013 Ilmakuvaus\" \/>\n<meta property=\"og:description\" content=\"Aapiskukko-liikenneasema sijaitsee Lahden ja Tampereen v\u00e4lisen valtatie 12:n varrella P\u00e4lk\u00e4neell\u00e4. Nimens\u00e4 asema on saanut siit\u00e4 ett\u00e4 puuaapinen otettiin\" \/>\n<meta property=\"og:url\" content=\"https:\/\/www.horizont.fi\/en\/aapiskukko-liikenneasema-palkane-7-2021\/\" \/>\n<meta property=\"og:site_name\" content=\"HORIZONT \u2013 Ilmakuvaus\" \/>\n<meta property=\"article:publisher\" content=\"https:\/\/www.facebook.com\/Horizont.Aerial.Photographers\/\" \/>\n<meta property=\"article:published_time\" content=\"2021-07-05T19:13:34+00:00\" \/>\n<meta property=\"article:modified_time\" content=\"2021-07-05T19:19:42+00:00\" \/>\n<meta property=\"og:image\" content=\"https:\/\/www.horizont.fi\/horizont\/wp-content\/uploads\/2021\/07\/Horizont_ilmakuva_Aapiskukko2_Palkane_2021_Ari_Lepisto_vesileima-scaled.jpg\" \/>\n\t<meta property=\"og:image:width\" content=\"2560\" \/>\n\t<meta property=\"og:image:height\" content=\"1864\" \/>\n\t<meta property=\"og:image:type\" content=\"image\/jpeg\" \/>\n<meta name=\"author\" content=\"Arnold\" \/>\n<meta name=\"twitter:card\" content=\"summary_large_image\" \/>\n<meta name=\"twitter:label1\" content=\"Written by\" \/>\n\t<meta name=\"twitter:data1\" content=\"Arnold\" \/>\n\t<meta name=\"twitter:label2\" content=\"Estimated reading time\" \/>\n\t<meta name=\"twitter:data2\" content=\"1 minute\" \/>\n<script type=\"application\/ld+json\" class=\"yoast-schema-graph\">{\"@context\":\"https:\\\/\\\/schema.org\",\"@graph\":[{\"@type\":\"Article\",\"@id\":\"https:\\\/\\\/www.horizont.fi\\\/aapiskukko-liikenneasema-palkane-7-2021\\\/#article\",\"isPartOf\":{\"@id\":\"https:\\\/\\\/www.horizont.fi\\\/aapiskukko-liikenneasema-palkane-7-2021\\\/\"},\"author\":{\"name\":\"Arnold\",\"@id\":\"https:\\\/\\\/www.horizont.fi\\\/#\\\/schema\\\/person\\\/4117b41d2ca00dda9ba4d3f64ebd5c32\"},\"headline\":\"AAPISKUKKO LIIKENNEASEMA \u2013 P\u00e4lk\u00e4ne, 7\\\/2021\",\"datePublished\":\"2021-07-05T19:13:34+00:00\",\"dateModified\":\"2021-07-05T19:19:42+00:00\",\"mainEntityOfPage\":{\"@id\":\"https:\\\/\\\/www.horizont.fi\\\/aapiskukko-liikenneasema-palkane-7-2021\\\/\"},\"wordCount\":89,\"publisher\":{\"@id\":\"https:\\\/\\\/www.horizont.fi\\\/#organization\"},\"image\":{\"@id\":\"https:\\\/\\\/www.horizont.fi\\\/aapiskukko-liikenneasema-palkane-7-2021\\\/#primaryimage\"},\"thumbnailUrl\":\"https:\\\/\\\/www.horizont.fi\\\/horizont\\\/wp-content\\\/uploads\\\/2021\\\/07\\\/Horizont_ilmakuva_Aapiskukko2_Palkane_2021_Ari_Lepisto_vesileima-scaled.jpg\",\"articleSection\":[\"Uncategorized @fi\"],\"inLanguage\":\"en-GB\"},{\"@type\":\"WebPage\",\"@id\":\"https:\\\/\\\/www.horizont.fi\\\/aapiskukko-liikenneasema-palkane-7-2021\\\/\",\"url\":\"https:\\\/\\\/www.horizont.fi\\\/aapiskukko-liikenneasema-palkane-7-2021\\\/\",\"name\":\"AAPISKUKKO LIIKENNEASEMA \u2013 P\u00e4lk\u00e4ne, 7\\\/2021 - HORIZONT \u2013 Ilmakuvaus\",\"isPartOf\":{\"@id\":\"https:\\\/\\\/www.horizont.fi\\\/#website\"},\"primaryImageOfPage\":{\"@id\":\"https:\\\/\\\/www.horizont.fi\\\/aapiskukko-liikenneasema-palkane-7-2021\\\/#primaryimage\"},\"image\":{\"@id\":\"https:\\\/\\\/www.horizont.fi\\\/aapiskukko-liikenneasema-palkane-7-2021\\\/#primaryimage\"},\"thumbnailUrl\":\"https:\\\/\\\/www.horizont.fi\\\/horizont\\\/wp-content\\\/uploads\\\/2021\\\/07\\\/Horizont_ilmakuva_Aapiskukko2_Palkane_2021_Ari_Lepisto_vesileima-scaled.jpg\",\"datePublished\":\"2021-07-05T19:13:34+00:00\",\"dateModified\":\"2021-07-05T19:19:42+00:00\",\"description\":\"Aapiskukko-liikenneasema sijaitsee Lahden ja Tampereen v\u00e4lisen valtatie 12:n varrella P\u00e4lk\u00e4neell\u00e4. Nimens\u00e4 asema on saanut siit\u00e4 ett\u00e4 puuaapinen otettiin\",\"breadcrumb\":{\"@id\":\"https:\\\/\\\/www.horizont.fi\\\/aapiskukko-liikenneasema-palkane-7-2021\\\/#breadcrumb\"},\"inLanguage\":\"en-GB\",\"potentialAction\":[{\"@type\":\"ReadAction\",\"target\":[\"https:\\\/\\\/www.horizont.fi\\\/aapiskukko-liikenneasema-palkane-7-2021\\\/\"]}]},{\"@type\":\"ImageObject\",\"inLanguage\":\"en-GB\",\"@id\":\"https:\\\/\\\/www.horizont.fi\\\/aapiskukko-liikenneasema-palkane-7-2021\\\/#primaryimage\",\"url\":\"https:\\\/\\\/www.horizont.fi\\\/horizont\\\/wp-content\\\/uploads\\\/2021\\\/07\\\/Horizont_ilmakuva_Aapiskukko2_Palkane_2021_Ari_Lepisto_vesileima-scaled.jpg\",\"contentUrl\":\"https:\\\/\\\/www.horizont.fi\\\/horizont\\\/wp-content\\\/uploads\\\/2021\\\/07\\\/Horizont_ilmakuva_Aapiskukko2_Palkane_2021_Ari_Lepisto_vesileima-scaled.jpg\",\"width\":2560,\"height\":1864,\"caption\":\"p\u00e4lk\u00e4ne ilmakuva aapiskukko\"},{\"@type\":\"BreadcrumbList\",\"@id\":\"https:\\\/\\\/www.horizont.fi\\\/aapiskukko-liikenneasema-palkane-7-2021\\\/#breadcrumb\",\"itemListElement\":[{\"@type\":\"ListItem\",\"position\":1,\"name\":\"Etusivu\",\"item\":\"https:\\\/\\\/www.horizont.fi\\\/\"},{\"@type\":\"ListItem\",\"position\":2,\"name\":\"AAPISKUKKO LIIKENNEASEMA \u2013 P\u00e4lk\u00e4ne, 7\\\/2021\"}]},{\"@type\":\"WebSite\",\"@id\":\"https:\\\/\\\/www.horizont.fi\\\/#website\",\"url\":\"https:\\\/\\\/www.horizont.fi\\\/\",\"name\":\"HORIZONT \u2013 Ilmakuvaus\",\"description\":\"Lennokkaita kuvia ja videoita\",\"publisher\":{\"@id\":\"https:\\\/\\\/www.horizont.fi\\\/#organization\"},\"potentialAction\":[{\"@type\":\"SearchAction\",\"target\":{\"@type\":\"EntryPoint\",\"urlTemplate\":\"https:\\\/\\\/www.horizont.fi\\\/?s={search_term_string}\"},\"query-input\":{\"@type\":\"PropertyValueSpecification\",\"valueRequired\":true,\"valueName\":\"search_term_string\"}}],\"inLanguage\":\"en-GB\"},{\"@type\":\"Organization\",\"@id\":\"https:\\\/\\\/www.horizont.fi\\\/#organization\",\"name\":\"Horizont - Ilmakuvat\",\"url\":\"https:\\\/\\\/www.horizont.fi\\\/\",\"logo\":{\"@type\":\"ImageObject\",\"inLanguage\":\"en-GB\",\"@id\":\"https:\\\/\\\/www.horizont.fi\\\/#\\\/schema\\\/logo\\\/image\\\/\",\"url\":\"https:\\\/\\\/www.horizont.fi\\\/horizont\\\/wp-content\\\/uploads\\\/2017\\\/02\\\/cropped-logo-horizont2-150.png\",\"contentUrl\":\"https:\\\/\\\/www.horizont.fi\\\/horizont\\\/wp-content\\\/uploads\\\/2017\\\/02\\\/cropped-logo-horizont2-150.png\",\"width\":136,\"height\":122,\"caption\":\"Horizont - Ilmakuvat\"},\"image\":{\"@id\":\"https:\\\/\\\/www.horizont.fi\\\/#\\\/schema\\\/logo\\\/image\\\/\"},\"sameAs\":[\"https:\\\/\\\/www.facebook.com\\\/Horizont.Aerial.Photographers\\\/\",\"https:\\\/\\\/www.instagram.com\\\/horizont.fi\\\/\",\"https:\\\/\\\/www.youtube.com\\\/channel\\\/UC_1M_GpRMYCa9dlvKBQdy-g\"]},{\"@type\":\"Person\",\"@id\":\"https:\\\/\\\/www.horizont.fi\\\/#\\\/schema\\\/person\\\/4117b41d2ca00dda9ba4d3f64ebd5c32\",\"name\":\"Arnold\",\"image\":{\"@type\":\"ImageObject\",\"inLanguage\":\"en-GB\",\"@id\":\"https:\\\/\\\/secure.gravatar.com\\\/avatar\\\/5ec61cf08383637ec48b77fe9b80882ff42af7448c08b54d984f5ec9f244c337?s=96&d=mm&r=g\",\"url\":\"https:\\\/\\\/secure.gravatar.com\\\/avatar\\\/5ec61cf08383637ec48b77fe9b80882ff42af7448c08b54d984f5ec9f244c337?s=96&d=mm&r=g\",\"contentUrl\":\"https:\\\/\\\/secure.gravatar.com\\\/avatar\\\/5ec61cf08383637ec48b77fe9b80882ff42af7448c08b54d984f5ec9f244c337?s=96&d=mm&r=g\",\"caption\":\"Arnold\"}}]}<\/script>\n<!-- \/ Yoast SEO plugin. -->","yoast_head_json":{"title":"AAPISKUKKO LIIKENNEASEMA \u2013 P\u00e4lk\u00e4ne, 7\/2021 - HORIZONT \u2013 Ilmakuvaus","description":"Aapiskukko-liikenneasema sijaitsee Lahden ja Tampereen v\u00e4lisen valtatie 12:n varrella P\u00e4lk\u00e4neell\u00e4. Nimens\u00e4 asema on saanut siit\u00e4 ett\u00e4 puuaapinen otettiin","robots":{"index":"index","follow":"follow","max-snippet":"max-snippet:-1","max-image-preview":"max-image-preview:large","max-video-preview":"max-video-preview:-1"},"canonical":"https:\/\/www.horizont.fi\/en\/aapiskukko-liikenneasema-palkane-7-2021\/","og_locale":"en_GB","og_type":"article","og_title":"AAPISKUKKO LIIKENNEASEMA \u2013 P\u00e4lk\u00e4ne, 7\/2021 - HORIZONT \u2013 Ilmakuvaus","og_description":"Aapiskukko-liikenneasema sijaitsee Lahden ja Tampereen v\u00e4lisen valtatie 12:n varrella P\u00e4lk\u00e4neell\u00e4. Nimens\u00e4 asema on saanut siit\u00e4 ett\u00e4 puuaapinen otettiin","og_url":"https:\/\/www.horizont.fi\/en\/aapiskukko-liikenneasema-palkane-7-2021\/","og_site_name":"HORIZONT \u2013 Ilmakuvaus","article_publisher":"https:\/\/www.facebook.com\/Horizont.Aerial.Photographers\/","article_published_time":"2021-07-05T19:13:34+00:00","article_modified_time":"2021-07-05T19:19:42+00:00","og_image":[{"width":2560,"height":1864,"url":"https:\/\/www.horizont.fi\/horizont\/wp-content\/uploads\/2021\/07\/Horizont_ilmakuva_Aapiskukko2_Palkane_2021_Ari_Lepisto_vesileima-scaled.jpg","type":"image\/jpeg"}],"author":"Arnold","twitter_card":"summary_large_image","twitter_misc":{"Written by":"Arnold","Estimated reading time":"1 minute"},"schema":{"@context":"https:\/\/schema.org","@graph":[{"@type":"Article","@id":"https:\/\/www.horizont.fi\/aapiskukko-liikenneasema-palkane-7-2021\/#article","isPartOf":{"@id":"https:\/\/www.horizont.fi\/aapiskukko-liikenneasema-palkane-7-2021\/"},"author":{"name":"Arnold","@id":"https:\/\/www.horizont.fi\/#\/schema\/person\/4117b41d2ca00dda9ba4d3f64ebd5c32"},"headline":"AAPISKUKKO LIIKENNEASEMA \u2013 P\u00e4lk\u00e4ne, 7\/2021","datePublished":"2021-07-05T19:13:34+00:00","dateModified":"2021-07-05T19:19:42+00:00","mainEntityOfPage":{"@id":"https:\/\/www.horizont.fi\/aapiskukko-liikenneasema-palkane-7-2021\/"},"wordCount":89,"publisher":{"@id":"https:\/\/www.horizont.fi\/#organization"},"image":{"@id":"https:\/\/www.horizont.fi\/aapiskukko-liikenneasema-palkane-7-2021\/#primaryimage"},"thumbnailUrl":"https:\/\/www.horizont.fi\/horizont\/wp-content\/uploads\/2021\/07\/Horizont_ilmakuva_Aapiskukko2_Palkane_2021_Ari_Lepisto_vesileima-scaled.jpg","articleSection":["Uncategorized @fi"],"inLanguage":"en-GB"},{"@type":"WebPage","@id":"https:\/\/www.horizont.fi\/aapiskukko-liikenneasema-palkane-7-2021\/","url":"https:\/\/www.horizont.fi\/aapiskukko-liikenneasema-palkane-7-2021\/","name":"AAPISKUKKO LIIKENNEASEMA \u2013 P\u00e4lk\u00e4ne, 7\/2021 - HORIZONT \u2013 Ilmakuvaus","isPartOf":{"@id":"https:\/\/www.horizont.fi\/#website"},"primaryImageOfPage":{"@id":"https:\/\/www.horizont.fi\/aapiskukko-liikenneasema-palkane-7-2021\/#primaryimage"},"image":{"@id":"https:\/\/www.horizont.fi\/aapiskukko-liikenneasema-palkane-7-2021\/#primaryimage"},"thumbnailUrl":"https:\/\/www.horizont.fi\/horizont\/wp-content\/uploads\/2021\/07\/Horizont_ilmakuva_Aapiskukko2_Palkane_2021_Ari_Lepisto_vesileima-scaled.jpg","datePublished":"2021-07-05T19:13:34+00:00","dateModified":"2021-07-05T19:19:42+00:00","description":"Aapiskukko-liikenneasema sijaitsee Lahden ja Tampereen v\u00e4lisen valtatie 12:n varrella P\u00e4lk\u00e4neell\u00e4. Nimens\u00e4 asema on saanut siit\u00e4 ett\u00e4 puuaapinen otettiin","breadcrumb":{"@id":"https:\/\/www.horizont.fi\/aapiskukko-liikenneasema-palkane-7-2021\/#breadcrumb"},"inLanguage":"en-GB","potentialAction":[{"@type":"ReadAction","target":["https:\/\/www.horizont.fi\/aapiskukko-liikenneasema-palkane-7-2021\/"]}]},{"@type":"ImageObject","inLanguage":"en-GB","@id":"https:\/\/www.horizont.fi\/aapiskukko-liikenneasema-palkane-7-2021\/#primaryimage","url":"https:\/\/www.horizont.fi\/horizont\/wp-content\/uploads\/2021\/07\/Horizont_ilmakuva_Aapiskukko2_Palkane_2021_Ari_Lepisto_vesileima-scaled.jpg","contentUrl":"https:\/\/www.horizont.fi\/horizont\/wp-content\/uploads\/2021\/07\/Horizont_ilmakuva_Aapiskukko2_Palkane_2021_Ari_Lepisto_vesileima-scaled.jpg","width":2560,"height":1864,"caption":"p\u00e4lk\u00e4ne ilmakuva aapiskukko"},{"@type":"BreadcrumbList","@id":"https:\/\/www.horizont.fi\/aapiskukko-liikenneasema-palkane-7-2021\/#breadcrumb","itemListElement":[{"@type":"ListItem","position":1,"name":"Etusivu","item":"https:\/\/www.horizont.fi\/"},{"@type":"ListItem","position":2,"name":"AAPISKUKKO LIIKENNEASEMA \u2013 P\u00e4lk\u00e4ne, 7\/2021"}]},{"@type":"WebSite","@id":"https:\/\/www.horizont.fi\/#website","url":"https:\/\/www.horizont.fi\/","name":"HORIZONT \u2013 Ilmakuvaus","description":"Lennokkaita kuvia ja videoita","publisher":{"@id":"https:\/\/www.horizont.fi\/#organization"},"potentialAction":[{"@type":"SearchAction","target":{"@type":"EntryPoint","urlTemplate":"https:\/\/www.horizont.fi\/?s={search_term_string}"},"query-input":{"@type":"PropertyValueSpecification","valueRequired":true,"valueName":"search_term_string"}}],"inLanguage":"en-GB"},{"@type":"Organization","@id":"https:\/\/www.horizont.fi\/#organization","name":"Horizont - Ilmakuvat","url":"https:\/\/www.horizont.fi\/","logo":{"@type":"ImageObject","inLanguage":"en-GB","@id":"https:\/\/www.horizont.fi\/#\/schema\/logo\/image\/","url":"https:\/\/www.horizont.fi\/horizont\/wp-content\/uploads\/2017\/02\/cropped-logo-horizont2-150.png","contentUrl":"https:\/\/www.horizont.fi\/horizont\/wp-content\/uploads\/2017\/02\/cropped-logo-horizont2-150.png","width":136,"height":122,"caption":"Horizont - Ilmakuvat"},"image":{"@id":"https:\/\/www.horizont.fi\/#\/schema\/logo\/image\/"},"sameAs":["https:\/\/www.facebook.com\/Horizont.Aerial.Photographers\/","https:\/\/www.instagram.com\/horizont.fi\/","https:\/\/www.youtube.com\/channel\/UC_1M_GpRMYCa9dlvKBQdy-g"]},{"@type":"Person","@id":"https:\/\/www.horizont.fi\/#\/schema\/person\/4117b41d2ca00dda9ba4d3f64ebd5c32","name":"Arnold","image":{"@type":"ImageObject","inLanguage":"en-GB","@id":"https:\/\/secure.gravatar.com\/avatar\/5ec61cf08383637ec48b77fe9b80882ff42af7448c08b54d984f5ec9f244c337?s=96&d=mm&r=g","url":"https:\/\/secure.gravatar.com\/avatar\/5ec61cf08383637ec48b77fe9b80882ff42af7448c08b54d984f5ec9f244c337?s=96&d=mm&r=g","contentUrl":"https:\/\/secure.gravatar.com\/avatar\/5ec61cf08383637ec48b77fe9b80882ff42af7448c08b54d984f5ec9f244c337?s=96&d=mm&r=g","caption":"Arnold"}}]}},"_links":{"self":[{"href":"https:\/\/www.horizont.fi\/en\/wp-json\/wp\/v2\/posts\/12627","targetHints":{"allow":["GET"]}}],"collection":[{"href":"https:\/\/www.horizont.fi\/en\/wp-json\/wp\/v2\/posts"}],"about":[{"href":"https:\/\/www.horizont.fi\/en\/wp-json\/wp\/v2\/types\/post"}],"author":[{"embeddable":true,"href":"https:\/\/www.horizont.fi\/en\/wp-json\/wp\/v2\/users\/18"}],"replies":[{"embeddable":true,"href":"https:\/\/www.horizont.fi\/en\/wp-json\/wp\/v2\/comments?post=12627"}],"version-history":[{"count":3,"href":"https:\/\/www.horizont.fi\/en\/wp-json\/wp\/v2\/posts\/12627\/revisions"}],"predecessor-version":[{"id":12630,"href":"https:\/\/www.horizont.fi\/en\/wp-json\/wp\/v2\/posts\/12627\/revisions\/12630"}],"wp:featuredmedia":[{"embeddable":true,"href":"https:\/\/www.horizont.fi\/en\/wp-json\/wp\/v2\/media\/12614"}],"wp:attachment":[{"href":"https:\/\/www.horizont.fi\/en\/wp-json\/wp\/v2\/media?parent=12627"}],"wp:term":[{"taxonomy":"category","embeddable":true,"href":"https:\/\/www.horizont.fi\/en\/wp-json\/wp\/v2\/categories?post=12627"},{"taxonomy":"post_tag","embeddable":true,"href":"https:\/\/www.horizont.fi\/en\/wp-json\/wp\/v2\/tags?post=12627"}],"curies":[{"name":"wp","href":"https:\/\/api.w.org\/{rel}","templated":true}]}}