{"id":12696,"date":"2021-07-13T09:59:57","date_gmt":"2021-07-13T06:59:57","guid":{"rendered":"http:\/\/www.horizont.fi\/?p=12696"},"modified":"2021-07-13T10:08:51","modified_gmt":"2021-07-13T07:08:51","slug":"hogforsin-ruukki-karkkila-7-2021","status":"publish","type":"post","link":"https:\/\/www.horizont.fi\/en\/hogforsin-ruukki-karkkila-7-2021\/","title":{"rendered":"H\u00d6GFORSIN RUUKKI \u2013 Karkkila, 7\/2021"},"content":{"rendered":"<p>1820-luvulla perustetussa H\u00f6gforsin Karkkilan ruukissa on edelleen teollista tuotantoa kun Componenta Oy:ll\u00e4 toimii siell\u00e4 rautavalimo.\u00a0\u00a0Karkkilan keskustan v\u00e4litt\u00f6m\u00e4ss\u00e4 l\u00e4heisyydess\u00e4 sijaitseva ruukin alue on per\u00e4ti 15 hehtaarin kokoinen ja lukuisissa rakennuksissa on tiloja yhteens\u00e4 65 000 m2. Tehdasrakennuksia ymp\u00e4r\u00f6iv\u00e4t ruukin puistot ja puutarhat. V\u00e4lj\u00e4sti rakennettu Johtajiston m\u00e4ki sek\u00e4 Ruukin kartano muodostaa teollisuusymp\u00e4rist\u00f6lle selke\u00e4n vastakohdan. Tuotannosta tyhjentyneit\u00e4 tiloja on otettu viime vuosina muuhun k\u00e4ytt\u00f6\u00f6n; tiloissa toimii mm. Karkkilan kaupungintalo, valimomuseo sek\u00e4 kirjasto.<\/p>\n\n\n\n<a class=\"maxbutton-119 maxbutton maxbutton-kuvapankki2\" target=\"_blank\" rel=\"noopener\" href=\"https:\/\/www.horizont.fi\/en\/kauppa\/\"><span class='mb-text'>TO WEB STORE<\/span><\/a>\n\n\n\n<figure class=\"wp-block-image size-large\"><img decoding=\"async\" loading=\"lazy\" width=\"1001\" height=\"751\" src=\"http:\/\/www.horizont.fi\/horizont\/wp-content\/uploads\/2021\/07\/map-hogfors.jpg\" alt=\"drone ilmakuvaus\" class=\"wp-image-12687\" srcset=\"https:\/\/www.horizont.fi\/horizont\/wp-content\/uploads\/2021\/07\/map-hogfors.jpg 1001w, https:\/\/www.horizont.fi\/horizont\/wp-content\/uploads\/2021\/07\/map-hogfors-600x450.jpg 600w, https:\/\/www.horizont.fi\/horizont\/wp-content\/uploads\/2021\/07\/map-hogfors-768x576.jpg 768w, https:\/\/www.horizont.fi\/horizont\/wp-content\/uploads\/2021\/07\/map-hogfors-16x12.jpg 16w\" sizes=\"(max-width: 1001px) 100vw, 1001px\" \/><figcaption>filming from air finland<\/figcaption><\/figure>","protected":false},"excerpt":{"rendered":"<p>1820-luvulla perustetussa H\u00f6gforsin Karkkilan ruukissa on edelleen teollista tuotantoa kun Componenta Oy:ll\u00e4 toimii siell\u00e4 rautavalimo.\u00a0\u00a0Karkkilan keskustan v\u00e4litt\u00f6m\u00e4ss\u00e4 l\u00e4heisyydess\u00e4 sijaitseva ruukin alue on per\u00e4ti 15 hehtaarin kokoinen ja lukuisissa rakennuksissa on tiloja yhteens\u00e4 65 000 m2. Tehdasrakennuksia ymp\u00e4r\u00f6iv\u00e4t ruukin puistot ja puutarhat. V\u00e4lj\u00e4sti rakennettu Johtajiston m\u00e4ki sek\u00e4 Ruukin kartano muodostaa teollisuusymp\u00e4rist\u00f6lle selke\u00e4n vastakohdan. Tuotannosta tyhjentyneit\u00e4 tiloja [&hellip;]<\/p>","protected":false},"author":18,"featured_media":12679,"comment_status":"closed","ping_status":"open","sticky":false,"template":"","format":"standard","meta":{"_monsterinsights_skip_tracking":false,"_monsterinsights_sitenote_active":false,"_monsterinsights_sitenote_note":"","_monsterinsights_sitenote_category":0,"footnotes":""},"categories":[21],"tags":[],"yoast_head":"<!-- This site is optimized with the Yoast SEO plugin v22.6 - https:\/\/yoast.com\/wordpress\/plugins\/seo\/ -->\n<title>H\u00d6GFORSIN RUUKKI \u2013 Karkkila, 7\/2021 - HORIZONT \u2013 Ilmakuvaus<\/title>\n<meta name=\"description\" content=\"1820-luvulla perustetussa H\u00f6gforsin Karkkilan ruukissa on edelleen teollista tuotantoa kun Componenta Oy:ll\u00e4 toimii siell\u00e4 rautavalimo.\u00a0\u00a0Karkkilan\" \/>\n<meta name=\"robots\" content=\"index, follow, max-snippet:-1, max-image-preview:large, max-video-preview:-1\" \/>\n<link rel=\"canonical\" href=\"https:\/\/www.horizont.fi\/en\/hogforsin-ruukki-karkkila-7-2021\/\" \/>\n<meta property=\"og:locale\" content=\"en_GB\" \/>\n<meta property=\"og:type\" content=\"article\" \/>\n<meta property=\"og:title\" content=\"H\u00d6GFORSIN RUUKKI \u2013 Karkkila, 7\/2021 - HORIZONT \u2013 Ilmakuvaus\" \/>\n<meta property=\"og:description\" content=\"1820-luvulla perustetussa H\u00f6gforsin Karkkilan ruukissa on edelleen teollista tuotantoa kun Componenta Oy:ll\u00e4 toimii siell\u00e4 rautavalimo.\u00a0\u00a0Karkkilan\" \/>\n<meta property=\"og:url\" content=\"https:\/\/www.horizont.fi\/en\/hogforsin-ruukki-karkkila-7-2021\/\" \/>\n<meta property=\"og:site_name\" content=\"HORIZONT \u2013 Ilmakuvaus\" \/>\n<meta property=\"article:publisher\" content=\"https:\/\/www.facebook.com\/Horizont.Aerial.Photographers\/\" \/>\n<meta property=\"article:published_time\" content=\"2021-07-13T06:59:57+00:00\" \/>\n<meta property=\"article:modified_time\" content=\"2021-07-13T07:08:51+00:00\" \/>\n<meta property=\"og:image\" content=\"https:\/\/www.horizont.fi\/horizont\/wp-content\/uploads\/2021\/07\/Horizont.fi_Hogforsin-ruukki2_Ari_Lepisto_vesileimalla-1.jpg\" \/>\n\t<meta property=\"og:image:width\" content=\"2428\" \/>\n\t<meta property=\"og:image:height\" content=\"1518\" \/>\n\t<meta property=\"og:image:type\" content=\"image\/jpeg\" \/>\n<meta name=\"author\" content=\"Arnold\" \/>\n<meta name=\"twitter:card\" content=\"summary_large_image\" \/>\n<meta name=\"twitter:label1\" content=\"Written by\" \/>\n\t<meta name=\"twitter:data1\" content=\"Arnold\" \/>\n\t<meta name=\"twitter:label2\" content=\"Estimated reading time\" \/>\n\t<meta name=\"twitter:data2\" content=\"1 minute\" \/>\n<script type=\"application\/ld+json\" class=\"yoast-schema-graph\">{\"@context\":\"https:\/\/schema.org\",\"@graph\":[{\"@type\":\"Article\",\"@id\":\"https:\/\/www.horizont.fi\/hogforsin-ruukki-karkkila-7-2021\/#article\",\"isPartOf\":{\"@id\":\"https:\/\/www.horizont.fi\/hogforsin-ruukki-karkkila-7-2021\/\"},\"author\":{\"name\":\"Arnold\",\"@id\":\"https:\/\/www.horizont.fi\/#\/schema\/person\/4117b41d2ca00dda9ba4d3f64ebd5c32\"},\"headline\":\"H\u00d6GFORSIN RUUKKI \u2013 Karkkila, 7\/2021\",\"datePublished\":\"2021-07-13T06:59:57+00:00\",\"dateModified\":\"2021-07-13T07:08:51+00:00\",\"mainEntityOfPage\":{\"@id\":\"https:\/\/www.horizont.fi\/hogforsin-ruukki-karkkila-7-2021\/\"},\"wordCount\":95,\"publisher\":{\"@id\":\"https:\/\/www.horizont.fi\/#organization\"},\"image\":{\"@id\":\"https:\/\/www.horizont.fi\/hogforsin-ruukki-karkkila-7-2021\/#primaryimage\"},\"thumbnailUrl\":\"https:\/\/www.horizont.fi\/horizont\/wp-content\/uploads\/2021\/07\/Horizont.fi_Hogforsin-ruukki2_Ari_Lepisto_vesileimalla-1.jpg\",\"articleSection\":[\"Uncategorized @fi\"],\"inLanguage\":\"en-GB\"},{\"@type\":\"WebPage\",\"@id\":\"https:\/\/www.horizont.fi\/hogforsin-ruukki-karkkila-7-2021\/\",\"url\":\"https:\/\/www.horizont.fi\/hogforsin-ruukki-karkkila-7-2021\/\",\"name\":\"H\u00d6GFORSIN RUUKKI \u2013 Karkkila, 7\/2021 - HORIZONT \u2013 Ilmakuvaus\",\"isPartOf\":{\"@id\":\"https:\/\/www.horizont.fi\/#website\"},\"primaryImageOfPage\":{\"@id\":\"https:\/\/www.horizont.fi\/hogforsin-ruukki-karkkila-7-2021\/#primaryimage\"},\"image\":{\"@id\":\"https:\/\/www.horizont.fi\/hogforsin-ruukki-karkkila-7-2021\/#primaryimage\"},\"thumbnailUrl\":\"https:\/\/www.horizont.fi\/horizont\/wp-content\/uploads\/2021\/07\/Horizont.fi_Hogforsin-ruukki2_Ari_Lepisto_vesileimalla-1.jpg\",\"datePublished\":\"2021-07-13T06:59:57+00:00\",\"dateModified\":\"2021-07-13T07:08:51+00:00\",\"description\":\"1820-luvulla perustetussa H\u00f6gforsin Karkkilan ruukissa on edelleen teollista tuotantoa kun Componenta Oy:ll\u00e4 toimii siell\u00e4 rautavalimo.\u00a0\u00a0Karkkilan\",\"breadcrumb\":{\"@id\":\"https:\/\/www.horizont.fi\/hogforsin-ruukki-karkkila-7-2021\/#breadcrumb\"},\"inLanguage\":\"en-GB\",\"potentialAction\":[{\"@type\":\"ReadAction\",\"target\":[\"https:\/\/www.horizont.fi\/hogforsin-ruukki-karkkila-7-2021\/\"]}]},{\"@type\":\"ImageObject\",\"inLanguage\":\"en-GB\",\"@id\":\"https:\/\/www.horizont.fi\/hogforsin-ruukki-karkkila-7-2021\/#primaryimage\",\"url\":\"https:\/\/www.horizont.fi\/horizont\/wp-content\/uploads\/2021\/07\/Horizont.fi_Hogforsin-ruukki2_Ari_Lepisto_vesileimalla-1.jpg\",\"contentUrl\":\"https:\/\/www.horizont.fi\/horizont\/wp-content\/uploads\/2021\/07\/Horizont.fi_Hogforsin-ruukki2_Ari_Lepisto_vesileimalla-1.jpg\",\"width\":2428,\"height\":1518,\"caption\":\"kuva h\u00f6gfors valimo\"},{\"@type\":\"BreadcrumbList\",\"@id\":\"https:\/\/www.horizont.fi\/hogforsin-ruukki-karkkila-7-2021\/#breadcrumb\",\"itemListElement\":[{\"@type\":\"ListItem\",\"position\":1,\"name\":\"Etusivu\",\"item\":\"https:\/\/www.horizont.fi\/\"},{\"@type\":\"ListItem\",\"position\":2,\"name\":\"H\u00d6GFORSIN RUUKKI \u2013 Karkkila, 7\/2021\"}]},{\"@type\":\"WebSite\",\"@id\":\"https:\/\/www.horizont.fi\/#website\",\"url\":\"https:\/\/www.horizont.fi\/\",\"name\":\"HORIZONT \u2013 Ilmakuvaus\",\"description\":\"Lennokkaita kuvia ja videoita\",\"publisher\":{\"@id\":\"https:\/\/www.horizont.fi\/#organization\"},\"potentialAction\":[{\"@type\":\"SearchAction\",\"target\":{\"@type\":\"EntryPoint\",\"urlTemplate\":\"https:\/\/www.horizont.fi\/?s={search_term_string}\"},\"query-input\":\"required name=search_term_string\"}],\"inLanguage\":\"en-GB\"},{\"@type\":\"Organization\",\"@id\":\"https:\/\/www.horizont.fi\/#organization\",\"name\":\"Horizont - Ilmakuvat\",\"url\":\"https:\/\/www.horizont.fi\/\",\"logo\":{\"@type\":\"ImageObject\",\"inLanguage\":\"en-GB\",\"@id\":\"https:\/\/www.horizont.fi\/#\/schema\/logo\/image\/\",\"url\":\"https:\/\/www.horizont.fi\/horizont\/wp-content\/uploads\/2017\/02\/cropped-logo-horizont2-150.png\",\"contentUrl\":\"https:\/\/www.horizont.fi\/horizont\/wp-content\/uploads\/2017\/02\/cropped-logo-horizont2-150.png\",\"width\":136,\"height\":122,\"caption\":\"Horizont - Ilmakuvat\"},\"image\":{\"@id\":\"https:\/\/www.horizont.fi\/#\/schema\/logo\/image\/\"},\"sameAs\":[\"https:\/\/www.facebook.com\/Horizont.Aerial.Photographers\/\",\"https:\/\/www.instagram.com\/horizont.fi\/\",\"https:\/\/www.youtube.com\/channel\/UC_1M_GpRMYCa9dlvKBQdy-g\"]},{\"@type\":\"Person\",\"@id\":\"https:\/\/www.horizont.fi\/#\/schema\/person\/4117b41d2ca00dda9ba4d3f64ebd5c32\",\"name\":\"Arnold\",\"image\":{\"@type\":\"ImageObject\",\"inLanguage\":\"en-GB\",\"@id\":\"https:\/\/www.horizont.fi\/#\/schema\/person\/image\/\",\"url\":\"https:\/\/secure.gravatar.com\/avatar\/01d855234bf99dd28a5abdf2ec0622d9?s=96&d=mm&r=g\",\"contentUrl\":\"https:\/\/secure.gravatar.com\/avatar\/01d855234bf99dd28a5abdf2ec0622d9?s=96&d=mm&r=g\",\"caption\":\"Arnold\"}}]}<\/script>\n<!-- \/ Yoast SEO plugin. -->","yoast_head_json":{"title":"H\u00d6GFORSIN RUUKKI \u2013 Karkkila, 7\/2021 - HORIZONT \u2013 Ilmakuvaus","description":"1820-luvulla perustetussa H\u00f6gforsin Karkkilan ruukissa on edelleen teollista tuotantoa kun Componenta Oy:ll\u00e4 toimii siell\u00e4 rautavalimo.\u00a0\u00a0Karkkilan","robots":{"index":"index","follow":"follow","max-snippet":"max-snippet:-1","max-image-preview":"max-image-preview:large","max-video-preview":"max-video-preview:-1"},"canonical":"https:\/\/www.horizont.fi\/en\/hogforsin-ruukki-karkkila-7-2021\/","og_locale":"en_GB","og_type":"article","og_title":"H\u00d6GFORSIN RUUKKI \u2013 Karkkila, 7\/2021 - HORIZONT \u2013 Ilmakuvaus","og_description":"1820-luvulla perustetussa H\u00f6gforsin Karkkilan ruukissa on edelleen teollista tuotantoa kun Componenta Oy:ll\u00e4 toimii siell\u00e4 rautavalimo.\u00a0\u00a0Karkkilan","og_url":"https:\/\/www.horizont.fi\/en\/hogforsin-ruukki-karkkila-7-2021\/","og_site_name":"HORIZONT \u2013 Ilmakuvaus","article_publisher":"https:\/\/www.facebook.com\/Horizont.Aerial.Photographers\/","article_published_time":"2021-07-13T06:59:57+00:00","article_modified_time":"2021-07-13T07:08:51+00:00","og_image":[{"width":2428,"height":1518,"url":"https:\/\/www.horizont.fi\/horizont\/wp-content\/uploads\/2021\/07\/Horizont.fi_Hogforsin-ruukki2_Ari_Lepisto_vesileimalla-1.jpg","type":"image\/jpeg"}],"author":"Arnold","twitter_card":"summary_large_image","twitter_misc":{"Written by":"Arnold","Estimated reading time":"1 minute"},"schema":{"@context":"https:\/\/schema.org","@graph":[{"@type":"Article","@id":"https:\/\/www.horizont.fi\/hogforsin-ruukki-karkkila-7-2021\/#article","isPartOf":{"@id":"https:\/\/www.horizont.fi\/hogforsin-ruukki-karkkila-7-2021\/"},"author":{"name":"Arnold","@id":"https:\/\/www.horizont.fi\/#\/schema\/person\/4117b41d2ca00dda9ba4d3f64ebd5c32"},"headline":"H\u00d6GFORSIN RUUKKI \u2013 Karkkila, 7\/2021","datePublished":"2021-07-13T06:59:57+00:00","dateModified":"2021-07-13T07:08:51+00:00","mainEntityOfPage":{"@id":"https:\/\/www.horizont.fi\/hogforsin-ruukki-karkkila-7-2021\/"},"wordCount":95,"publisher":{"@id":"https:\/\/www.horizont.fi\/#organization"},"image":{"@id":"https:\/\/www.horizont.fi\/hogforsin-ruukki-karkkila-7-2021\/#primaryimage"},"thumbnailUrl":"https:\/\/www.horizont.fi\/horizont\/wp-content\/uploads\/2021\/07\/Horizont.fi_Hogforsin-ruukki2_Ari_Lepisto_vesileimalla-1.jpg","articleSection":["Uncategorized @fi"],"inLanguage":"en-GB"},{"@type":"WebPage","@id":"https:\/\/www.horizont.fi\/hogforsin-ruukki-karkkila-7-2021\/","url":"https:\/\/www.horizont.fi\/hogforsin-ruukki-karkkila-7-2021\/","name":"H\u00d6GFORSIN RUUKKI \u2013 Karkkila, 7\/2021 - HORIZONT \u2013 Ilmakuvaus","isPartOf":{"@id":"https:\/\/www.horizont.fi\/#website"},"primaryImageOfPage":{"@id":"https:\/\/www.horizont.fi\/hogforsin-ruukki-karkkila-7-2021\/#primaryimage"},"image":{"@id":"https:\/\/www.horizont.fi\/hogforsin-ruukki-karkkila-7-2021\/#primaryimage"},"thumbnailUrl":"https:\/\/www.horizont.fi\/horizont\/wp-content\/uploads\/2021\/07\/Horizont.fi_Hogforsin-ruukki2_Ari_Lepisto_vesileimalla-1.jpg","datePublished":"2021-07-13T06:59:57+00:00","dateModified":"2021-07-13T07:08:51+00:00","description":"1820-luvulla perustetussa H\u00f6gforsin Karkkilan ruukissa on edelleen teollista tuotantoa kun Componenta Oy:ll\u00e4 toimii siell\u00e4 rautavalimo.\u00a0\u00a0Karkkilan","breadcrumb":{"@id":"https:\/\/www.horizont.fi\/hogforsin-ruukki-karkkila-7-2021\/#breadcrumb"},"inLanguage":"en-GB","potentialAction":[{"@type":"ReadAction","target":["https:\/\/www.horizont.fi\/hogforsin-ruukki-karkkila-7-2021\/"]}]},{"@type":"ImageObject","inLanguage":"en-GB","@id":"https:\/\/www.horizont.fi\/hogforsin-ruukki-karkkila-7-2021\/#primaryimage","url":"https:\/\/www.horizont.fi\/horizont\/wp-content\/uploads\/2021\/07\/Horizont.fi_Hogforsin-ruukki2_Ari_Lepisto_vesileimalla-1.jpg","contentUrl":"https:\/\/www.horizont.fi\/horizont\/wp-content\/uploads\/2021\/07\/Horizont.fi_Hogforsin-ruukki2_Ari_Lepisto_vesileimalla-1.jpg","width":2428,"height":1518,"caption":"kuva h\u00f6gfors valimo"},{"@type":"BreadcrumbList","@id":"https:\/\/www.horizont.fi\/hogforsin-ruukki-karkkila-7-2021\/#breadcrumb","itemListElement":[{"@type":"ListItem","position":1,"name":"Etusivu","item":"https:\/\/www.horizont.fi\/"},{"@type":"ListItem","position":2,"name":"H\u00d6GFORSIN RUUKKI \u2013 Karkkila, 7\/2021"}]},{"@type":"WebSite","@id":"https:\/\/www.horizont.fi\/#website","url":"https:\/\/www.horizont.fi\/","name":"HORIZONT \u2013 Ilmakuvaus","description":"Lennokkaita kuvia ja videoita","publisher":{"@id":"https:\/\/www.horizont.fi\/#organization"},"potentialAction":[{"@type":"SearchAction","target":{"@type":"EntryPoint","urlTemplate":"https:\/\/www.horizont.fi\/?s={search_term_string}"},"query-input":"required name=search_term_string"}],"inLanguage":"en-GB"},{"@type":"Organization","@id":"https:\/\/www.horizont.fi\/#organization","name":"Horizont - Ilmakuvat","url":"https:\/\/www.horizont.fi\/","logo":{"@type":"ImageObject","inLanguage":"en-GB","@id":"https:\/\/www.horizont.fi\/#\/schema\/logo\/image\/","url":"https:\/\/www.horizont.fi\/horizont\/wp-content\/uploads\/2017\/02\/cropped-logo-horizont2-150.png","contentUrl":"https:\/\/www.horizont.fi\/horizont\/wp-content\/uploads\/2017\/02\/cropped-logo-horizont2-150.png","width":136,"height":122,"caption":"Horizont - Ilmakuvat"},"image":{"@id":"https:\/\/www.horizont.fi\/#\/schema\/logo\/image\/"},"sameAs":["https:\/\/www.facebook.com\/Horizont.Aerial.Photographers\/","https:\/\/www.instagram.com\/horizont.fi\/","https:\/\/www.youtube.com\/channel\/UC_1M_GpRMYCa9dlvKBQdy-g"]},{"@type":"Person","@id":"https:\/\/www.horizont.fi\/#\/schema\/person\/4117b41d2ca00dda9ba4d3f64ebd5c32","name":"Arnold","image":{"@type":"ImageObject","inLanguage":"en-GB","@id":"https:\/\/www.horizont.fi\/#\/schema\/person\/image\/","url":"https:\/\/secure.gravatar.com\/avatar\/01d855234bf99dd28a5abdf2ec0622d9?s=96&d=mm&r=g","contentUrl":"https:\/\/secure.gravatar.com\/avatar\/01d855234bf99dd28a5abdf2ec0622d9?s=96&d=mm&r=g","caption":"Arnold"}}]}},"_links":{"self":[{"href":"https:\/\/www.horizont.fi\/en\/wp-json\/wp\/v2\/posts\/12696"}],"collection":[{"href":"https:\/\/www.horizont.fi\/en\/wp-json\/wp\/v2\/posts"}],"about":[{"href":"https:\/\/www.horizont.fi\/en\/wp-json\/wp\/v2\/types\/post"}],"author":[{"embeddable":true,"href":"https:\/\/www.horizont.fi\/en\/wp-json\/wp\/v2\/users\/18"}],"replies":[{"embeddable":true,"href":"https:\/\/www.horizont.fi\/en\/wp-json\/wp\/v2\/comments?post=12696"}],"version-history":[{"count":5,"href":"https:\/\/www.horizont.fi\/en\/wp-json\/wp\/v2\/posts\/12696\/revisions"}],"predecessor-version":[{"id":12702,"href":"https:\/\/www.horizont.fi\/en\/wp-json\/wp\/v2\/posts\/12696\/revisions\/12702"}],"wp:featuredmedia":[{"embeddable":true,"href":"https:\/\/www.horizont.fi\/en\/wp-json\/wp\/v2\/media\/12679"}],"wp:attachment":[{"href":"https:\/\/www.horizont.fi\/en\/wp-json\/wp\/v2\/media?parent=12696"}],"wp:term":[{"taxonomy":"category","embeddable":true,"href":"https:\/\/www.horizont.fi\/en\/wp-json\/wp\/v2\/categories?post=12696"},{"taxonomy":"post_tag","embeddable":true,"href":"https:\/\/www.horizont.fi\/en\/wp-json\/wp\/v2\/tags?post=12696"}],"curies":[{"name":"wp","href":"https:\/\/api.w.org\/{rel}","templated":true}]}}