{"id":12820,"date":"2022-07-30T21:17:42","date_gmt":"2022-07-30T18:17:42","guid":{"rendered":"https:\/\/www.horizont.fi\/?p=12820"},"modified":"2022-07-30T22:15:56","modified_gmt":"2022-07-30T19:15:56","slug":"punkalaitumen-kirkko-punkalaidun-7-2022","status":"publish","type":"post","link":"https:\/\/www.horizont.fi\/en\/punkalaitumen-kirkko-punkalaidun-7-2022\/","title":{"rendered":"PUNKALAITUMEN KIRKKO \u2013 Punkalaidun, 7\/2022"},"content":{"rendered":"<p>Punkalaitumen kirkko&nbsp;on otettu k\u00e4ytt\u00f6\u00f6n vuonna 1774. Kirkko oli rakennettu salaman polttaman vanhan kirkon tilalle. Uusi kirkko nousi vanhan kirkon viereen punkalaitumelaisten omista puista ja osin omin voiminkin. Kellotapuli tehtiin ajan tavan mukaan kirkon l\u00e4nsip\u00e4\u00e4h\u00e4n. Piirustuksissa se oli piirretty sirommaksi, mutta rakennusvaiheessa p\u00e4\u00e4dyttiin kustannussyist\u00e4 yksinkertaisempaan ja massiivisempaan muotoon. Kirkkoon mahtuu l\u00e4hes 800 henke\u00e4.&nbsp;<\/p>\n\n\n\n<p>Kuva: Aleksi Lammi<\/p>\n\n\n\n<p><strong><a class=\"maxbutton-122 maxbutton maxbutton-osta-kuva-punkalaitumen-kirkko\" target=\"_blank\" rel=\"noopener\" href=\"https:\/\/www.horizont.fi\/en\/product-category\/yksittaiset-kohteet\/punkalaitumen-kirkko-punkalaidun-7-2022\/\"><span class='mb-text'>OSTA KUVA | Punkalaitumen kirkko<\/span><\/a><\/strong><\/p>\n\n\n\n\n\n<figure class=\"wp-block-image size-large\"><img decoding=\"async\" loading=\"lazy\" width=\"648\" height=\"356\" src=\"https:\/\/www.horizont.fi\/horizont\/wp-content\/uploads\/2022\/07\/Punkalaitumen_kirkko_map.jpg\" alt=\"worpress sivusto ari lepist\u00f6\" class=\"wp-image-12801\" srcset=\"https:\/\/www.horizont.fi\/horizont\/wp-content\/uploads\/2022\/07\/Punkalaitumen_kirkko_map.jpg 648w, https:\/\/www.horizont.fi\/horizont\/wp-content\/uploads\/2022\/07\/Punkalaitumen_kirkko_map-600x330.jpg 600w, https:\/\/www.horizont.fi\/horizont\/wp-content\/uploads\/2022\/07\/Punkalaitumen_kirkko_map-18x10.jpg 18w\" sizes=\"(max-width: 648px) 100vw, 648px\" \/><figcaption>Aleksi Lammi kuvia ilmasta<\/figcaption><\/figure>","protected":false},"excerpt":{"rendered":"<p>Punkalaitumen kirkko&nbsp;on otettu k\u00e4ytt\u00f6\u00f6n vuonna 1774. Kirkko oli rakennettu salaman polttaman vanhan kirkon tilalle. Uusi kirkko nousi vanhan kirkon viereen punkalaitumelaisten omista puista ja osin omin voiminkin. Kellotapuli tehtiin ajan tavan mukaan kirkon l\u00e4nsip\u00e4\u00e4h\u00e4n. Piirustuksissa se oli piirretty sirommaksi, mutta rakennusvaiheessa p\u00e4\u00e4dyttiin kustannussyist\u00e4 yksinkertaisempaan ja massiivisempaan muotoon. Kirkkoon mahtuu l\u00e4hes 800 henke\u00e4.&nbsp; Kuva: Aleksi Lammi<\/p>","protected":false},"author":18,"featured_media":12799,"comment_status":"closed","ping_status":"open","sticky":false,"template":"","format":"standard","meta":{"_monsterinsights_skip_tracking":false,"_monsterinsights_sitenote_active":false,"_monsterinsights_sitenote_note":"","_monsterinsights_sitenote_category":0,"footnotes":""},"categories":[21],"tags":[],"yoast_head":"<!-- This site is optimized with the Yoast SEO plugin v22.6 - https:\/\/yoast.com\/wordpress\/plugins\/seo\/ -->\n<title>PUNKALAITUMEN KIRKKO \u2013 Punkalaidun, 7\/2022 - HORIZONT \u2013 Ilmakuvaus<\/title>\n<meta name=\"description\" content=\"Punkalaitumen kirkko&nbsp;on otettu k\u00e4ytt\u00f6\u00f6n vuonna 1774. Kirkko oli rakennettu salaman polttaman vanhan kirkon tilalle. Uusi kirkko nousi vanhan kirkon\" \/>\n<meta name=\"robots\" content=\"index, follow, max-snippet:-1, max-image-preview:large, max-video-preview:-1\" \/>\n<link rel=\"canonical\" href=\"https:\/\/www.horizont.fi\/en\/punkalaitumen-kirkko-punkalaidun-7-2022\/\" \/>\n<meta property=\"og:locale\" content=\"en_GB\" \/>\n<meta property=\"og:type\" content=\"article\" \/>\n<meta property=\"og:title\" content=\"PUNKALAITUMEN KIRKKO \u2013 Punkalaidun, 7\/2022 - HORIZONT \u2013 Ilmakuvaus\" \/>\n<meta property=\"og:description\" content=\"Punkalaitumen kirkko&nbsp;on otettu k\u00e4ytt\u00f6\u00f6n vuonna 1774. Kirkko oli rakennettu salaman polttaman vanhan kirkon tilalle. Uusi kirkko nousi vanhan kirkon\" \/>\n<meta property=\"og:url\" content=\"https:\/\/www.horizont.fi\/en\/punkalaitumen-kirkko-punkalaidun-7-2022\/\" \/>\n<meta property=\"og:site_name\" content=\"HORIZONT \u2013 Ilmakuvaus\" \/>\n<meta property=\"article:publisher\" content=\"https:\/\/www.facebook.com\/Horizont.Aerial.Photographers\/\" \/>\n<meta property=\"article:published_time\" content=\"2022-07-30T18:17:42+00:00\" \/>\n<meta property=\"article:modified_time\" content=\"2022-07-30T19:15:56+00:00\" \/>\n<meta property=\"og:image\" content=\"https:\/\/www.horizont.fi\/horizont\/wp-content\/uploads\/2022\/07\/Horizont.fi_Punkalaitumen_kirkko_kuva_II_Aleksi_Lammi_copyright-scaled.jpg\" \/>\n\t<meta property=\"og:image:width\" content=\"2560\" \/>\n\t<meta property=\"og:image:height\" content=\"1343\" \/>\n\t<meta property=\"og:image:type\" content=\"image\/jpeg\" \/>\n<meta name=\"author\" content=\"Arnold\" \/>\n<meta name=\"twitter:card\" content=\"summary_large_image\" \/>\n<meta name=\"twitter:label1\" content=\"Written by\" \/>\n\t<meta name=\"twitter:data1\" content=\"Arnold\" \/>\n\t<meta name=\"twitter:label2\" content=\"Estimated reading time\" \/>\n\t<meta name=\"twitter:data2\" content=\"1 minute\" \/>\n<script type=\"application\/ld+json\" class=\"yoast-schema-graph\">{\"@context\":\"https:\/\/schema.org\",\"@graph\":[{\"@type\":\"Article\",\"@id\":\"https:\/\/www.horizont.fi\/punkalaitumen-kirkko-punkalaidun-7-2022\/#article\",\"isPartOf\":{\"@id\":\"https:\/\/www.horizont.fi\/punkalaitumen-kirkko-punkalaidun-7-2022\/\"},\"author\":{\"name\":\"Arnold\",\"@id\":\"https:\/\/www.horizont.fi\/#\/schema\/person\/4117b41d2ca00dda9ba4d3f64ebd5c32\"},\"headline\":\"PUNKALAITUMEN KIRKKO \u2013 Punkalaidun, 7\/2022\",\"datePublished\":\"2022-07-30T18:17:42+00:00\",\"dateModified\":\"2022-07-30T19:15:56+00:00\",\"mainEntityOfPage\":{\"@id\":\"https:\/\/www.horizont.fi\/punkalaitumen-kirkko-punkalaidun-7-2022\/\"},\"wordCount\":72,\"publisher\":{\"@id\":\"https:\/\/www.horizont.fi\/#organization\"},\"image\":{\"@id\":\"https:\/\/www.horizont.fi\/punkalaitumen-kirkko-punkalaidun-7-2022\/#primaryimage\"},\"thumbnailUrl\":\"https:\/\/www.horizont.fi\/horizont\/wp-content\/uploads\/2022\/07\/Horizont.fi_Punkalaitumen_kirkko_kuva_II_Aleksi_Lammi_copyright-scaled.jpg\",\"articleSection\":[\"Uncategorized @fi\"],\"inLanguage\":\"en-GB\"},{\"@type\":\"WebPage\",\"@id\":\"https:\/\/www.horizont.fi\/punkalaitumen-kirkko-punkalaidun-7-2022\/\",\"url\":\"https:\/\/www.horizont.fi\/punkalaitumen-kirkko-punkalaidun-7-2022\/\",\"name\":\"PUNKALAITUMEN KIRKKO \u2013 Punkalaidun, 7\/2022 - HORIZONT \u2013 Ilmakuvaus\",\"isPartOf\":{\"@id\":\"https:\/\/www.horizont.fi\/#website\"},\"primaryImageOfPage\":{\"@id\":\"https:\/\/www.horizont.fi\/punkalaitumen-kirkko-punkalaidun-7-2022\/#primaryimage\"},\"image\":{\"@id\":\"https:\/\/www.horizont.fi\/punkalaitumen-kirkko-punkalaidun-7-2022\/#primaryimage\"},\"thumbnailUrl\":\"https:\/\/www.horizont.fi\/horizont\/wp-content\/uploads\/2022\/07\/Horizont.fi_Punkalaitumen_kirkko_kuva_II_Aleksi_Lammi_copyright-scaled.jpg\",\"datePublished\":\"2022-07-30T18:17:42+00:00\",\"dateModified\":\"2022-07-30T19:15:56+00:00\",\"description\":\"Punkalaitumen kirkko&nbsp;on otettu k\u00e4ytt\u00f6\u00f6n vuonna 1774. Kirkko oli rakennettu salaman polttaman vanhan kirkon tilalle. Uusi kirkko nousi vanhan kirkon\",\"breadcrumb\":{\"@id\":\"https:\/\/www.horizont.fi\/punkalaitumen-kirkko-punkalaidun-7-2022\/#breadcrumb\"},\"inLanguage\":\"en-GB\",\"potentialAction\":[{\"@type\":\"ReadAction\",\"target\":[\"https:\/\/www.horizont.fi\/punkalaitumen-kirkko-punkalaidun-7-2022\/\"]}]},{\"@type\":\"ImageObject\",\"inLanguage\":\"en-GB\",\"@id\":\"https:\/\/www.horizont.fi\/punkalaitumen-kirkko-punkalaidun-7-2022\/#primaryimage\",\"url\":\"https:\/\/www.horizont.fi\/horizont\/wp-content\/uploads\/2022\/07\/Horizont.fi_Punkalaitumen_kirkko_kuva_II_Aleksi_Lammi_copyright-scaled.jpg\",\"contentUrl\":\"https:\/\/www.horizont.fi\/horizont\/wp-content\/uploads\/2022\/07\/Horizont.fi_Punkalaitumen_kirkko_kuva_II_Aleksi_Lammi_copyright-scaled.jpg\",\"width\":2560,\"height\":1343,\"caption\":\"Punkalaitumen kirkko valokuva\"},{\"@type\":\"BreadcrumbList\",\"@id\":\"https:\/\/www.horizont.fi\/punkalaitumen-kirkko-punkalaidun-7-2022\/#breadcrumb\",\"itemListElement\":[{\"@type\":\"ListItem\",\"position\":1,\"name\":\"Etusivu\",\"item\":\"https:\/\/www.horizont.fi\/\"},{\"@type\":\"ListItem\",\"position\":2,\"name\":\"PUNKALAITUMEN KIRKKO \u2013 Punkalaidun, 7\/2022\"}]},{\"@type\":\"WebSite\",\"@id\":\"https:\/\/www.horizont.fi\/#website\",\"url\":\"https:\/\/www.horizont.fi\/\",\"name\":\"HORIZONT \u2013 Ilmakuvaus\",\"description\":\"Lennokkaita kuvia ja videoita\",\"publisher\":{\"@id\":\"https:\/\/www.horizont.fi\/#organization\"},\"potentialAction\":[{\"@type\":\"SearchAction\",\"target\":{\"@type\":\"EntryPoint\",\"urlTemplate\":\"https:\/\/www.horizont.fi\/?s={search_term_string}\"},\"query-input\":\"required name=search_term_string\"}],\"inLanguage\":\"en-GB\"},{\"@type\":\"Organization\",\"@id\":\"https:\/\/www.horizont.fi\/#organization\",\"name\":\"Horizont - Ilmakuvat\",\"url\":\"https:\/\/www.horizont.fi\/\",\"logo\":{\"@type\":\"ImageObject\",\"inLanguage\":\"en-GB\",\"@id\":\"https:\/\/www.horizont.fi\/#\/schema\/logo\/image\/\",\"url\":\"https:\/\/www.horizont.fi\/horizont\/wp-content\/uploads\/2017\/02\/cropped-logo-horizont2-150.png\",\"contentUrl\":\"https:\/\/www.horizont.fi\/horizont\/wp-content\/uploads\/2017\/02\/cropped-logo-horizont2-150.png\",\"width\":136,\"height\":122,\"caption\":\"Horizont - Ilmakuvat\"},\"image\":{\"@id\":\"https:\/\/www.horizont.fi\/#\/schema\/logo\/image\/\"},\"sameAs\":[\"https:\/\/www.facebook.com\/Horizont.Aerial.Photographers\/\",\"https:\/\/www.instagram.com\/horizont.fi\/\",\"https:\/\/www.youtube.com\/channel\/UC_1M_GpRMYCa9dlvKBQdy-g\"]},{\"@type\":\"Person\",\"@id\":\"https:\/\/www.horizont.fi\/#\/schema\/person\/4117b41d2ca00dda9ba4d3f64ebd5c32\",\"name\":\"Arnold\",\"image\":{\"@type\":\"ImageObject\",\"inLanguage\":\"en-GB\",\"@id\":\"https:\/\/www.horizont.fi\/#\/schema\/person\/image\/\",\"url\":\"https:\/\/secure.gravatar.com\/avatar\/01d855234bf99dd28a5abdf2ec0622d9?s=96&d=mm&r=g\",\"contentUrl\":\"https:\/\/secure.gravatar.com\/avatar\/01d855234bf99dd28a5abdf2ec0622d9?s=96&d=mm&r=g\",\"caption\":\"Arnold\"}}]}<\/script>\n<!-- \/ Yoast SEO plugin. -->","yoast_head_json":{"title":"PUNKALAITUMEN KIRKKO \u2013 Punkalaidun, 7\/2022 - HORIZONT \u2013 Ilmakuvaus","description":"Punkalaitumen kirkko&nbsp;on otettu k\u00e4ytt\u00f6\u00f6n vuonna 1774. Kirkko oli rakennettu salaman polttaman vanhan kirkon tilalle. Uusi kirkko nousi vanhan kirkon","robots":{"index":"index","follow":"follow","max-snippet":"max-snippet:-1","max-image-preview":"max-image-preview:large","max-video-preview":"max-video-preview:-1"},"canonical":"https:\/\/www.horizont.fi\/en\/punkalaitumen-kirkko-punkalaidun-7-2022\/","og_locale":"en_GB","og_type":"article","og_title":"PUNKALAITUMEN KIRKKO \u2013 Punkalaidun, 7\/2022 - HORIZONT \u2013 Ilmakuvaus","og_description":"Punkalaitumen kirkko&nbsp;on otettu k\u00e4ytt\u00f6\u00f6n vuonna 1774. Kirkko oli rakennettu salaman polttaman vanhan kirkon tilalle. Uusi kirkko nousi vanhan kirkon","og_url":"https:\/\/www.horizont.fi\/en\/punkalaitumen-kirkko-punkalaidun-7-2022\/","og_site_name":"HORIZONT \u2013 Ilmakuvaus","article_publisher":"https:\/\/www.facebook.com\/Horizont.Aerial.Photographers\/","article_published_time":"2022-07-30T18:17:42+00:00","article_modified_time":"2022-07-30T19:15:56+00:00","og_image":[{"width":2560,"height":1343,"url":"https:\/\/www.horizont.fi\/horizont\/wp-content\/uploads\/2022\/07\/Horizont.fi_Punkalaitumen_kirkko_kuva_II_Aleksi_Lammi_copyright-scaled.jpg","type":"image\/jpeg"}],"author":"Arnold","twitter_card":"summary_large_image","twitter_misc":{"Written by":"Arnold","Estimated reading time":"1 minute"},"schema":{"@context":"https:\/\/schema.org","@graph":[{"@type":"Article","@id":"https:\/\/www.horizont.fi\/punkalaitumen-kirkko-punkalaidun-7-2022\/#article","isPartOf":{"@id":"https:\/\/www.horizont.fi\/punkalaitumen-kirkko-punkalaidun-7-2022\/"},"author":{"name":"Arnold","@id":"https:\/\/www.horizont.fi\/#\/schema\/person\/4117b41d2ca00dda9ba4d3f64ebd5c32"},"headline":"PUNKALAITUMEN KIRKKO \u2013 Punkalaidun, 7\/2022","datePublished":"2022-07-30T18:17:42+00:00","dateModified":"2022-07-30T19:15:56+00:00","mainEntityOfPage":{"@id":"https:\/\/www.horizont.fi\/punkalaitumen-kirkko-punkalaidun-7-2022\/"},"wordCount":72,"publisher":{"@id":"https:\/\/www.horizont.fi\/#organization"},"image":{"@id":"https:\/\/www.horizont.fi\/punkalaitumen-kirkko-punkalaidun-7-2022\/#primaryimage"},"thumbnailUrl":"https:\/\/www.horizont.fi\/horizont\/wp-content\/uploads\/2022\/07\/Horizont.fi_Punkalaitumen_kirkko_kuva_II_Aleksi_Lammi_copyright-scaled.jpg","articleSection":["Uncategorized @fi"],"inLanguage":"en-GB"},{"@type":"WebPage","@id":"https:\/\/www.horizont.fi\/punkalaitumen-kirkko-punkalaidun-7-2022\/","url":"https:\/\/www.horizont.fi\/punkalaitumen-kirkko-punkalaidun-7-2022\/","name":"PUNKALAITUMEN KIRKKO \u2013 Punkalaidun, 7\/2022 - HORIZONT \u2013 Ilmakuvaus","isPartOf":{"@id":"https:\/\/www.horizont.fi\/#website"},"primaryImageOfPage":{"@id":"https:\/\/www.horizont.fi\/punkalaitumen-kirkko-punkalaidun-7-2022\/#primaryimage"},"image":{"@id":"https:\/\/www.horizont.fi\/punkalaitumen-kirkko-punkalaidun-7-2022\/#primaryimage"},"thumbnailUrl":"https:\/\/www.horizont.fi\/horizont\/wp-content\/uploads\/2022\/07\/Horizont.fi_Punkalaitumen_kirkko_kuva_II_Aleksi_Lammi_copyright-scaled.jpg","datePublished":"2022-07-30T18:17:42+00:00","dateModified":"2022-07-30T19:15:56+00:00","description":"Punkalaitumen kirkko&nbsp;on otettu k\u00e4ytt\u00f6\u00f6n vuonna 1774. Kirkko oli rakennettu salaman polttaman vanhan kirkon tilalle. Uusi kirkko nousi vanhan kirkon","breadcrumb":{"@id":"https:\/\/www.horizont.fi\/punkalaitumen-kirkko-punkalaidun-7-2022\/#breadcrumb"},"inLanguage":"en-GB","potentialAction":[{"@type":"ReadAction","target":["https:\/\/www.horizont.fi\/punkalaitumen-kirkko-punkalaidun-7-2022\/"]}]},{"@type":"ImageObject","inLanguage":"en-GB","@id":"https:\/\/www.horizont.fi\/punkalaitumen-kirkko-punkalaidun-7-2022\/#primaryimage","url":"https:\/\/www.horizont.fi\/horizont\/wp-content\/uploads\/2022\/07\/Horizont.fi_Punkalaitumen_kirkko_kuva_II_Aleksi_Lammi_copyright-scaled.jpg","contentUrl":"https:\/\/www.horizont.fi\/horizont\/wp-content\/uploads\/2022\/07\/Horizont.fi_Punkalaitumen_kirkko_kuva_II_Aleksi_Lammi_copyright-scaled.jpg","width":2560,"height":1343,"caption":"Punkalaitumen kirkko valokuva"},{"@type":"BreadcrumbList","@id":"https:\/\/www.horizont.fi\/punkalaitumen-kirkko-punkalaidun-7-2022\/#breadcrumb","itemListElement":[{"@type":"ListItem","position":1,"name":"Etusivu","item":"https:\/\/www.horizont.fi\/"},{"@type":"ListItem","position":2,"name":"PUNKALAITUMEN KIRKKO \u2013 Punkalaidun, 7\/2022"}]},{"@type":"WebSite","@id":"https:\/\/www.horizont.fi\/#website","url":"https:\/\/www.horizont.fi\/","name":"HORIZONT \u2013 Ilmakuvaus","description":"Lennokkaita kuvia ja videoita","publisher":{"@id":"https:\/\/www.horizont.fi\/#organization"},"potentialAction":[{"@type":"SearchAction","target":{"@type":"EntryPoint","urlTemplate":"https:\/\/www.horizont.fi\/?s={search_term_string}"},"query-input":"required name=search_term_string"}],"inLanguage":"en-GB"},{"@type":"Organization","@id":"https:\/\/www.horizont.fi\/#organization","name":"Horizont - Ilmakuvat","url":"https:\/\/www.horizont.fi\/","logo":{"@type":"ImageObject","inLanguage":"en-GB","@id":"https:\/\/www.horizont.fi\/#\/schema\/logo\/image\/","url":"https:\/\/www.horizont.fi\/horizont\/wp-content\/uploads\/2017\/02\/cropped-logo-horizont2-150.png","contentUrl":"https:\/\/www.horizont.fi\/horizont\/wp-content\/uploads\/2017\/02\/cropped-logo-horizont2-150.png","width":136,"height":122,"caption":"Horizont - Ilmakuvat"},"image":{"@id":"https:\/\/www.horizont.fi\/#\/schema\/logo\/image\/"},"sameAs":["https:\/\/www.facebook.com\/Horizont.Aerial.Photographers\/","https:\/\/www.instagram.com\/horizont.fi\/","https:\/\/www.youtube.com\/channel\/UC_1M_GpRMYCa9dlvKBQdy-g"]},{"@type":"Person","@id":"https:\/\/www.horizont.fi\/#\/schema\/person\/4117b41d2ca00dda9ba4d3f64ebd5c32","name":"Arnold","image":{"@type":"ImageObject","inLanguage":"en-GB","@id":"https:\/\/www.horizont.fi\/#\/schema\/person\/image\/","url":"https:\/\/secure.gravatar.com\/avatar\/01d855234bf99dd28a5abdf2ec0622d9?s=96&d=mm&r=g","contentUrl":"https:\/\/secure.gravatar.com\/avatar\/01d855234bf99dd28a5abdf2ec0622d9?s=96&d=mm&r=g","caption":"Arnold"}}]}},"_links":{"self":[{"href":"https:\/\/www.horizont.fi\/en\/wp-json\/wp\/v2\/posts\/12820"}],"collection":[{"href":"https:\/\/www.horizont.fi\/en\/wp-json\/wp\/v2\/posts"}],"about":[{"href":"https:\/\/www.horizont.fi\/en\/wp-json\/wp\/v2\/types\/post"}],"author":[{"embeddable":true,"href":"https:\/\/www.horizont.fi\/en\/wp-json\/wp\/v2\/users\/18"}],"replies":[{"embeddable":true,"href":"https:\/\/www.horizont.fi\/en\/wp-json\/wp\/v2\/comments?post=12820"}],"version-history":[{"count":4,"href":"https:\/\/www.horizont.fi\/en\/wp-json\/wp\/v2\/posts\/12820\/revisions"}],"predecessor-version":[{"id":12835,"href":"https:\/\/www.horizont.fi\/en\/wp-json\/wp\/v2\/posts\/12820\/revisions\/12835"}],"wp:featuredmedia":[{"embeddable":true,"href":"https:\/\/www.horizont.fi\/en\/wp-json\/wp\/v2\/media\/12799"}],"wp:attachment":[{"href":"https:\/\/www.horizont.fi\/en\/wp-json\/wp\/v2\/media?parent=12820"}],"wp:term":[{"taxonomy":"category","embeddable":true,"href":"https:\/\/www.horizont.fi\/en\/wp-json\/wp\/v2\/categories?post=12820"},{"taxonomy":"post_tag","embeddable":true,"href":"https:\/\/www.horizont.fi\/en\/wp-json\/wp\/v2\/tags?post=12820"}],"curies":[{"name":"wp","href":"https:\/\/api.w.org\/{rel}","templated":true}]}}