{"id":13164,"date":"2023-11-01T19:09:01","date_gmt":"2023-11-01T17:09:01","guid":{"rendered":"https:\/\/www.horizont.fi\/?p=13164"},"modified":"2023-11-01T19:09:10","modified_gmt":"2023-11-01T17:09:10","slug":"kirkonkosken-silta-ylistaro-9-2023","status":"publish","type":"post","link":"https:\/\/www.horizont.fi\/en\/kirkonkosken-silta-ylistaro-9-2023\/","title":{"rendered":"KIRKONKOSKEN SILTA &#8211; Ylistaro, 9\/2023"},"content":{"rendered":"<p>Kyr\u00f6njoen ylitt\u00e4\u00e4 Ylistaron keskustan kohdalla kaksi siltaa. Kuvan pienempi silta on nimelt\u00e4\u00e4n Kirkonsilta, ja siit\u00e4 vajaan kilometrin p\u00e4\u00e4ss\u00e4 sijaitsee isompi Lapuantien silta. Kirkonsillan ymp\u00e4rist\u00f6ss\u00e4 on paljon kulttuurihistoriallisesti arvokasta rakennuskantaa, mm. meijeri ja museonm\u00e4ki. Sillan kupeessa on suosittu Kriikun Myllykaffila, jonka ikkunoista aukeaa n\u00e4kym\u00e4t sillalle.\u00a0<\/p>\n\n\n\n<figure class=\"wp-block-image size-full\"><img decoding=\"async\" loading=\"lazy\" width=\"814\" height=\"670\" src=\"https:\/\/www.horizont.fi\/horizont\/wp-content\/uploads\/2023\/11\/kirkonkosken-silta-map.jpg\" alt=\"ylistaron kirkonkyl\u00e4\" class=\"wp-image-13165\" srcset=\"https:\/\/www.horizont.fi\/horizont\/wp-content\/uploads\/2023\/11\/kirkonkosken-silta-map.jpg 814w, https:\/\/www.horizont.fi\/horizont\/wp-content\/uploads\/2023\/11\/kirkonkosken-silta-map-600x494.jpg 600w, https:\/\/www.horizont.fi\/horizont\/wp-content\/uploads\/2023\/11\/kirkonkosken-silta-map-768x632.jpg 768w, https:\/\/www.horizont.fi\/horizont\/wp-content\/uploads\/2023\/11\/kirkonkosken-silta-map-15x12.jpg 15w\" sizes=\"(max-width: 814px) 100vw, 814px\" \/><figcaption class=\"wp-element-caption\">aleksi lammi horizont.fi<\/figcaption><\/figure>","protected":false},"excerpt":{"rendered":"<p>Kyr\u00f6njoen ylitt\u00e4\u00e4 Ylistaron keskustan kohdalla kaksi siltaa. Kuvan pienempi silta on nimelt\u00e4\u00e4n Kirkonsilta, ja siit\u00e4 vajaan kilometrin p\u00e4\u00e4ss\u00e4 sijaitsee isompi Lapuantien silta. Kirkonsillan ymp\u00e4rist\u00f6ss\u00e4 on paljon kulttuurihistoriallisesti arvokasta rakennuskantaa, mm. meijeri ja museonm\u00e4ki. Sillan kupeessa on suosittu Kriikun Myllykaffila, jonka ikkunoista aukeaa n\u00e4kym\u00e4t sillalle.\u00a0<\/p>","protected":false},"author":18,"featured_media":13088,"comment_status":"closed","ping_status":"open","sticky":false,"template":"","format":"standard","meta":{"_monsterinsights_skip_tracking":false,"_monsterinsights_sitenote_active":false,"_monsterinsights_sitenote_note":"","_monsterinsights_sitenote_category":0,"footnotes":""},"categories":[21],"tags":[],"yoast_head":"<!-- This site is optimized with the Yoast SEO plugin v22.6 - https:\/\/yoast.com\/wordpress\/plugins\/seo\/ -->\n<title>KIRKONKOSKEN SILTA - Ylistaro, 9\/2023 - HORIZONT \u2013 Ilmakuvaus<\/title>\n<meta name=\"description\" content=\"Kyr\u00f6njoen ylitt\u00e4\u00e4 Ylistaron keskustan kohdalla kaksi siltaa. Kuvan pienempi silta on nimelt\u00e4\u00e4n Kirkonsilta, ja siit\u00e4 vajaan kilometrin p\u00e4\u00e4ss\u00e4 sijaitsee\" \/>\n<meta name=\"robots\" content=\"index, follow, max-snippet:-1, max-image-preview:large, max-video-preview:-1\" \/>\n<link rel=\"canonical\" href=\"https:\/\/www.horizont.fi\/en\/kirkonkosken-silta-ylistaro-9-2023\/\" \/>\n<meta property=\"og:locale\" content=\"en_GB\" \/>\n<meta property=\"og:type\" content=\"article\" \/>\n<meta property=\"og:title\" content=\"KIRKONKOSKEN SILTA - Ylistaro, 9\/2023 - HORIZONT \u2013 Ilmakuvaus\" \/>\n<meta property=\"og:description\" content=\"Kyr\u00f6njoen ylitt\u00e4\u00e4 Ylistaron keskustan kohdalla kaksi siltaa. Kuvan pienempi silta on nimelt\u00e4\u00e4n Kirkonsilta, ja siit\u00e4 vajaan kilometrin p\u00e4\u00e4ss\u00e4 sijaitsee\" \/>\n<meta property=\"og:url\" content=\"https:\/\/www.horizont.fi\/en\/kirkonkosken-silta-ylistaro-9-2023\/\" \/>\n<meta property=\"og:site_name\" content=\"HORIZONT \u2013 Ilmakuvaus\" \/>\n<meta property=\"article:publisher\" content=\"https:\/\/www.facebook.com\/Horizont.Aerial.Photographers\/\" \/>\n<meta property=\"article:published_time\" content=\"2023-11-01T17:09:01+00:00\" \/>\n<meta property=\"article:modified_time\" content=\"2023-11-01T17:09:10+00:00\" \/>\n<meta property=\"og:image\" content=\"https:\/\/www.horizont.fi\/horizont\/wp-content\/uploads\/2023\/10\/KIRKONKOSKEN_SILTA-kuva-nro-3-Ylistaro-2023-copyright-scaled.jpg\" \/>\n\t<meta property=\"og:image:width\" content=\"2560\" \/>\n\t<meta property=\"og:image:height\" content=\"1350\" \/>\n\t<meta property=\"og:image:type\" content=\"image\/jpeg\" \/>\n<meta name=\"author\" content=\"Arnold\" \/>\n<meta name=\"twitter:card\" content=\"summary_large_image\" \/>\n<meta name=\"twitter:label1\" content=\"Written by\" \/>\n\t<meta name=\"twitter:data1\" content=\"Arnold\" \/>\n\t<meta name=\"twitter:label2\" content=\"Estimated reading time\" \/>\n\t<meta name=\"twitter:data2\" content=\"1 minute\" \/>\n<script type=\"application\/ld+json\" class=\"yoast-schema-graph\">{\"@context\":\"https:\/\/schema.org\",\"@graph\":[{\"@type\":\"Article\",\"@id\":\"https:\/\/www.horizont.fi\/kirkonkosken-silta-ylistaro-9-2023\/#article\",\"isPartOf\":{\"@id\":\"https:\/\/www.horizont.fi\/kirkonkosken-silta-ylistaro-9-2023\/\"},\"author\":{\"name\":\"Arnold\",\"@id\":\"https:\/\/www.horizont.fi\/#\/schema\/person\/4117b41d2ca00dda9ba4d3f64ebd5c32\"},\"headline\":\"KIRKONKOSKEN SILTA &#8211; Ylistaro, 9\/2023\",\"datePublished\":\"2023-11-01T17:09:01+00:00\",\"dateModified\":\"2023-11-01T17:09:10+00:00\",\"mainEntityOfPage\":{\"@id\":\"https:\/\/www.horizont.fi\/kirkonkosken-silta-ylistaro-9-2023\/\"},\"wordCount\":60,\"publisher\":{\"@id\":\"https:\/\/www.horizont.fi\/#organization\"},\"image\":{\"@id\":\"https:\/\/www.horizont.fi\/kirkonkosken-silta-ylistaro-9-2023\/#primaryimage\"},\"thumbnailUrl\":\"https:\/\/www.horizont.fi\/horizont\/wp-content\/uploads\/2023\/10\/KIRKONKOSKEN_SILTA-kuva-nro-3-Ylistaro-2023-copyright-scaled.jpg\",\"articleSection\":[\"Uncategorized @fi\"],\"inLanguage\":\"en-GB\"},{\"@type\":\"WebPage\",\"@id\":\"https:\/\/www.horizont.fi\/kirkonkosken-silta-ylistaro-9-2023\/\",\"url\":\"https:\/\/www.horizont.fi\/kirkonkosken-silta-ylistaro-9-2023\/\",\"name\":\"KIRKONKOSKEN SILTA - Ylistaro, 9\/2023 - HORIZONT \u2013 Ilmakuvaus\",\"isPartOf\":{\"@id\":\"https:\/\/www.horizont.fi\/#website\"},\"primaryImageOfPage\":{\"@id\":\"https:\/\/www.horizont.fi\/kirkonkosken-silta-ylistaro-9-2023\/#primaryimage\"},\"image\":{\"@id\":\"https:\/\/www.horizont.fi\/kirkonkosken-silta-ylistaro-9-2023\/#primaryimage\"},\"thumbnailUrl\":\"https:\/\/www.horizont.fi\/horizont\/wp-content\/uploads\/2023\/10\/KIRKONKOSKEN_SILTA-kuva-nro-3-Ylistaro-2023-copyright-scaled.jpg\",\"datePublished\":\"2023-11-01T17:09:01+00:00\",\"dateModified\":\"2023-11-01T17:09:10+00:00\",\"description\":\"Kyr\u00f6njoen ylitt\u00e4\u00e4 Ylistaron keskustan kohdalla kaksi siltaa. Kuvan pienempi silta on nimelt\u00e4\u00e4n Kirkonsilta, ja siit\u00e4 vajaan kilometrin p\u00e4\u00e4ss\u00e4 sijaitsee\",\"breadcrumb\":{\"@id\":\"https:\/\/www.horizont.fi\/kirkonkosken-silta-ylistaro-9-2023\/#breadcrumb\"},\"inLanguage\":\"en-GB\",\"potentialAction\":[{\"@type\":\"ReadAction\",\"target\":[\"https:\/\/www.horizont.fi\/kirkonkosken-silta-ylistaro-9-2023\/\"]}]},{\"@type\":\"ImageObject\",\"inLanguage\":\"en-GB\",\"@id\":\"https:\/\/www.horizont.fi\/kirkonkosken-silta-ylistaro-9-2023\/#primaryimage\",\"url\":\"https:\/\/www.horizont.fi\/horizont\/wp-content\/uploads\/2023\/10\/KIRKONKOSKEN_SILTA-kuva-nro-3-Ylistaro-2023-copyright-scaled.jpg\",\"contentUrl\":\"https:\/\/www.horizont.fi\/horizont\/wp-content\/uploads\/2023\/10\/KIRKONKOSKEN_SILTA-kuva-nro-3-Ylistaro-2023-copyright-scaled.jpg\",\"width\":2560,\"height\":1350,\"caption\":\"ilmakuva koski\"},{\"@type\":\"BreadcrumbList\",\"@id\":\"https:\/\/www.horizont.fi\/kirkonkosken-silta-ylistaro-9-2023\/#breadcrumb\",\"itemListElement\":[{\"@type\":\"ListItem\",\"position\":1,\"name\":\"Etusivu\",\"item\":\"https:\/\/www.horizont.fi\/\"},{\"@type\":\"ListItem\",\"position\":2,\"name\":\"KIRKONKOSKEN SILTA &#8211; Ylistaro, 9\/2023\"}]},{\"@type\":\"WebSite\",\"@id\":\"https:\/\/www.horizont.fi\/#website\",\"url\":\"https:\/\/www.horizont.fi\/\",\"name\":\"HORIZONT \u2013 Ilmakuvaus\",\"description\":\"Lennokkaita kuvia ja videoita\",\"publisher\":{\"@id\":\"https:\/\/www.horizont.fi\/#organization\"},\"potentialAction\":[{\"@type\":\"SearchAction\",\"target\":{\"@type\":\"EntryPoint\",\"urlTemplate\":\"https:\/\/www.horizont.fi\/?s={search_term_string}\"},\"query-input\":\"required name=search_term_string\"}],\"inLanguage\":\"en-GB\"},{\"@type\":\"Organization\",\"@id\":\"https:\/\/www.horizont.fi\/#organization\",\"name\":\"Horizont - Ilmakuvat\",\"url\":\"https:\/\/www.horizont.fi\/\",\"logo\":{\"@type\":\"ImageObject\",\"inLanguage\":\"en-GB\",\"@id\":\"https:\/\/www.horizont.fi\/#\/schema\/logo\/image\/\",\"url\":\"https:\/\/www.horizont.fi\/horizont\/wp-content\/uploads\/2017\/02\/cropped-logo-horizont2-150.png\",\"contentUrl\":\"https:\/\/www.horizont.fi\/horizont\/wp-content\/uploads\/2017\/02\/cropped-logo-horizont2-150.png\",\"width\":136,\"height\":122,\"caption\":\"Horizont - Ilmakuvat\"},\"image\":{\"@id\":\"https:\/\/www.horizont.fi\/#\/schema\/logo\/image\/\"},\"sameAs\":[\"https:\/\/www.facebook.com\/Horizont.Aerial.Photographers\/\",\"https:\/\/www.instagram.com\/horizont.fi\/\",\"https:\/\/www.youtube.com\/channel\/UC_1M_GpRMYCa9dlvKBQdy-g\"]},{\"@type\":\"Person\",\"@id\":\"https:\/\/www.horizont.fi\/#\/schema\/person\/4117b41d2ca00dda9ba4d3f64ebd5c32\",\"name\":\"Arnold\",\"image\":{\"@type\":\"ImageObject\",\"inLanguage\":\"en-GB\",\"@id\":\"https:\/\/www.horizont.fi\/#\/schema\/person\/image\/\",\"url\":\"https:\/\/secure.gravatar.com\/avatar\/01d855234bf99dd28a5abdf2ec0622d9?s=96&d=mm&r=g\",\"contentUrl\":\"https:\/\/secure.gravatar.com\/avatar\/01d855234bf99dd28a5abdf2ec0622d9?s=96&d=mm&r=g\",\"caption\":\"Arnold\"}}]}<\/script>\n<!-- \/ Yoast SEO plugin. -->","yoast_head_json":{"title":"KIRKONKOSKEN SILTA - Ylistaro, 9\/2023 - HORIZONT \u2013 Ilmakuvaus","description":"Kyr\u00f6njoen ylitt\u00e4\u00e4 Ylistaron keskustan kohdalla kaksi siltaa. Kuvan pienempi silta on nimelt\u00e4\u00e4n Kirkonsilta, ja siit\u00e4 vajaan kilometrin p\u00e4\u00e4ss\u00e4 sijaitsee","robots":{"index":"index","follow":"follow","max-snippet":"max-snippet:-1","max-image-preview":"max-image-preview:large","max-video-preview":"max-video-preview:-1"},"canonical":"https:\/\/www.horizont.fi\/en\/kirkonkosken-silta-ylistaro-9-2023\/","og_locale":"en_GB","og_type":"article","og_title":"KIRKONKOSKEN SILTA - Ylistaro, 9\/2023 - HORIZONT \u2013 Ilmakuvaus","og_description":"Kyr\u00f6njoen ylitt\u00e4\u00e4 Ylistaron keskustan kohdalla kaksi siltaa. Kuvan pienempi silta on nimelt\u00e4\u00e4n Kirkonsilta, ja siit\u00e4 vajaan kilometrin p\u00e4\u00e4ss\u00e4 sijaitsee","og_url":"https:\/\/www.horizont.fi\/en\/kirkonkosken-silta-ylistaro-9-2023\/","og_site_name":"HORIZONT \u2013 Ilmakuvaus","article_publisher":"https:\/\/www.facebook.com\/Horizont.Aerial.Photographers\/","article_published_time":"2023-11-01T17:09:01+00:00","article_modified_time":"2023-11-01T17:09:10+00:00","og_image":[{"width":2560,"height":1350,"url":"https:\/\/www.horizont.fi\/horizont\/wp-content\/uploads\/2023\/10\/KIRKONKOSKEN_SILTA-kuva-nro-3-Ylistaro-2023-copyright-scaled.jpg","type":"image\/jpeg"}],"author":"Arnold","twitter_card":"summary_large_image","twitter_misc":{"Written by":"Arnold","Estimated reading time":"1 minute"},"schema":{"@context":"https:\/\/schema.org","@graph":[{"@type":"Article","@id":"https:\/\/www.horizont.fi\/kirkonkosken-silta-ylistaro-9-2023\/#article","isPartOf":{"@id":"https:\/\/www.horizont.fi\/kirkonkosken-silta-ylistaro-9-2023\/"},"author":{"name":"Arnold","@id":"https:\/\/www.horizont.fi\/#\/schema\/person\/4117b41d2ca00dda9ba4d3f64ebd5c32"},"headline":"KIRKONKOSKEN SILTA &#8211; Ylistaro, 9\/2023","datePublished":"2023-11-01T17:09:01+00:00","dateModified":"2023-11-01T17:09:10+00:00","mainEntityOfPage":{"@id":"https:\/\/www.horizont.fi\/kirkonkosken-silta-ylistaro-9-2023\/"},"wordCount":60,"publisher":{"@id":"https:\/\/www.horizont.fi\/#organization"},"image":{"@id":"https:\/\/www.horizont.fi\/kirkonkosken-silta-ylistaro-9-2023\/#primaryimage"},"thumbnailUrl":"https:\/\/www.horizont.fi\/horizont\/wp-content\/uploads\/2023\/10\/KIRKONKOSKEN_SILTA-kuva-nro-3-Ylistaro-2023-copyright-scaled.jpg","articleSection":["Uncategorized @fi"],"inLanguage":"en-GB"},{"@type":"WebPage","@id":"https:\/\/www.horizont.fi\/kirkonkosken-silta-ylistaro-9-2023\/","url":"https:\/\/www.horizont.fi\/kirkonkosken-silta-ylistaro-9-2023\/","name":"KIRKONKOSKEN SILTA - Ylistaro, 9\/2023 - HORIZONT \u2013 Ilmakuvaus","isPartOf":{"@id":"https:\/\/www.horizont.fi\/#website"},"primaryImageOfPage":{"@id":"https:\/\/www.horizont.fi\/kirkonkosken-silta-ylistaro-9-2023\/#primaryimage"},"image":{"@id":"https:\/\/www.horizont.fi\/kirkonkosken-silta-ylistaro-9-2023\/#primaryimage"},"thumbnailUrl":"https:\/\/www.horizont.fi\/horizont\/wp-content\/uploads\/2023\/10\/KIRKONKOSKEN_SILTA-kuva-nro-3-Ylistaro-2023-copyright-scaled.jpg","datePublished":"2023-11-01T17:09:01+00:00","dateModified":"2023-11-01T17:09:10+00:00","description":"Kyr\u00f6njoen ylitt\u00e4\u00e4 Ylistaron keskustan kohdalla kaksi siltaa. Kuvan pienempi silta on nimelt\u00e4\u00e4n Kirkonsilta, ja siit\u00e4 vajaan kilometrin p\u00e4\u00e4ss\u00e4 sijaitsee","breadcrumb":{"@id":"https:\/\/www.horizont.fi\/kirkonkosken-silta-ylistaro-9-2023\/#breadcrumb"},"inLanguage":"en-GB","potentialAction":[{"@type":"ReadAction","target":["https:\/\/www.horizont.fi\/kirkonkosken-silta-ylistaro-9-2023\/"]}]},{"@type":"ImageObject","inLanguage":"en-GB","@id":"https:\/\/www.horizont.fi\/kirkonkosken-silta-ylistaro-9-2023\/#primaryimage","url":"https:\/\/www.horizont.fi\/horizont\/wp-content\/uploads\/2023\/10\/KIRKONKOSKEN_SILTA-kuva-nro-3-Ylistaro-2023-copyright-scaled.jpg","contentUrl":"https:\/\/www.horizont.fi\/horizont\/wp-content\/uploads\/2023\/10\/KIRKONKOSKEN_SILTA-kuva-nro-3-Ylistaro-2023-copyright-scaled.jpg","width":2560,"height":1350,"caption":"ilmakuva koski"},{"@type":"BreadcrumbList","@id":"https:\/\/www.horizont.fi\/kirkonkosken-silta-ylistaro-9-2023\/#breadcrumb","itemListElement":[{"@type":"ListItem","position":1,"name":"Etusivu","item":"https:\/\/www.horizont.fi\/"},{"@type":"ListItem","position":2,"name":"KIRKONKOSKEN SILTA &#8211; Ylistaro, 9\/2023"}]},{"@type":"WebSite","@id":"https:\/\/www.horizont.fi\/#website","url":"https:\/\/www.horizont.fi\/","name":"HORIZONT \u2013 Ilmakuvaus","description":"Lennokkaita kuvia ja videoita","publisher":{"@id":"https:\/\/www.horizont.fi\/#organization"},"potentialAction":[{"@type":"SearchAction","target":{"@type":"EntryPoint","urlTemplate":"https:\/\/www.horizont.fi\/?s={search_term_string}"},"query-input":"required name=search_term_string"}],"inLanguage":"en-GB"},{"@type":"Organization","@id":"https:\/\/www.horizont.fi\/#organization","name":"Horizont - Ilmakuvat","url":"https:\/\/www.horizont.fi\/","logo":{"@type":"ImageObject","inLanguage":"en-GB","@id":"https:\/\/www.horizont.fi\/#\/schema\/logo\/image\/","url":"https:\/\/www.horizont.fi\/horizont\/wp-content\/uploads\/2017\/02\/cropped-logo-horizont2-150.png","contentUrl":"https:\/\/www.horizont.fi\/horizont\/wp-content\/uploads\/2017\/02\/cropped-logo-horizont2-150.png","width":136,"height":122,"caption":"Horizont - Ilmakuvat"},"image":{"@id":"https:\/\/www.horizont.fi\/#\/schema\/logo\/image\/"},"sameAs":["https:\/\/www.facebook.com\/Horizont.Aerial.Photographers\/","https:\/\/www.instagram.com\/horizont.fi\/","https:\/\/www.youtube.com\/channel\/UC_1M_GpRMYCa9dlvKBQdy-g"]},{"@type":"Person","@id":"https:\/\/www.horizont.fi\/#\/schema\/person\/4117b41d2ca00dda9ba4d3f64ebd5c32","name":"Arnold","image":{"@type":"ImageObject","inLanguage":"en-GB","@id":"https:\/\/www.horizont.fi\/#\/schema\/person\/image\/","url":"https:\/\/secure.gravatar.com\/avatar\/01d855234bf99dd28a5abdf2ec0622d9?s=96&d=mm&r=g","contentUrl":"https:\/\/secure.gravatar.com\/avatar\/01d855234bf99dd28a5abdf2ec0622d9?s=96&d=mm&r=g","caption":"Arnold"}}]}},"_links":{"self":[{"href":"https:\/\/www.horizont.fi\/en\/wp-json\/wp\/v2\/posts\/13164"}],"collection":[{"href":"https:\/\/www.horizont.fi\/en\/wp-json\/wp\/v2\/posts"}],"about":[{"href":"https:\/\/www.horizont.fi\/en\/wp-json\/wp\/v2\/types\/post"}],"author":[{"embeddable":true,"href":"https:\/\/www.horizont.fi\/en\/wp-json\/wp\/v2\/users\/18"}],"replies":[{"embeddable":true,"href":"https:\/\/www.horizont.fi\/en\/wp-json\/wp\/v2\/comments?post=13164"}],"version-history":[{"count":1,"href":"https:\/\/www.horizont.fi\/en\/wp-json\/wp\/v2\/posts\/13164\/revisions"}],"predecessor-version":[{"id":13166,"href":"https:\/\/www.horizont.fi\/en\/wp-json\/wp\/v2\/posts\/13164\/revisions\/13166"}],"wp:featuredmedia":[{"embeddable":true,"href":"https:\/\/www.horizont.fi\/en\/wp-json\/wp\/v2\/media\/13088"}],"wp:attachment":[{"href":"https:\/\/www.horizont.fi\/en\/wp-json\/wp\/v2\/media?parent=13164"}],"wp:term":[{"taxonomy":"category","embeddable":true,"href":"https:\/\/www.horizont.fi\/en\/wp-json\/wp\/v2\/categories?post=13164"},{"taxonomy":"post_tag","embeddable":true,"href":"https:\/\/www.horizont.fi\/en\/wp-json\/wp\/v2\/tags?post=13164"}],"curies":[{"name":"wp","href":"https:\/\/api.w.org\/{rel}","templated":true}]}}