{"id":13216,"date":"2023-10-20T19:12:00","date_gmt":"2023-10-20T16:12:00","guid":{"rendered":"https:\/\/www.horizont.fi\/?p=13216"},"modified":"2023-11-20T19:18:02","modified_gmt":"2023-11-20T17:18:02","slug":"jalasjarven-kirkko-jalasjarvi-8-2023","status":"publish","type":"post","link":"https:\/\/www.horizont.fi\/en\/jalasjarven-kirkko-jalasjarvi-8-2023\/","title":{"rendered":"JALASJ\u00c4RVEN KIRKKO \u2013 Jalasj\u00e4rvi, 8\/2023"},"content":{"rendered":"<p>Jalasj\u00e4rven kirkko on rakennettu vuosina 1799\u20131800 kirkonkyl\u00e4n korkeimmalle m\u00e4elle. Kirkossa on 1&nbsp;000 istumapaikkaa. Kirkon vieress\u00e4 sijaitsee laaja satojen kiviristien sankarihautausmaa. vuoden 1955 korjauksissa uusittiin paanukatto ja siirrettiin alttari alkuper\u00e4iselle paikalleen it\u00e4p\u00e4\u00e4tyyn. Kiinte\u00e4sti kirkkoon liittyv\u00e4n kellotornin kolme kello on valettu 1733, 1751 ja 1817.<\/p>\n\n\n\n<p>Kuva: Aleksi Lammi<\/p>\n\n\n\n<figure class=\"wp-block-image size-full is-resized\"><img decoding=\"async\" loading=\"lazy\" width=\"798\" height=\"631\" src=\"https:\/\/www.horizont.fi\/horizont\/wp-content\/uploads\/2023\/11\/map-jalasjarven-kirkko.png\" alt=\"\" class=\"wp-image-13217\" style=\"aspect-ratio:1.2646592709984152;width:840px;height:auto\" srcset=\"https:\/\/www.horizont.fi\/horizont\/wp-content\/uploads\/2023\/11\/map-jalasjarven-kirkko.png 798w, https:\/\/www.horizont.fi\/horizont\/wp-content\/uploads\/2023\/11\/map-jalasjarven-kirkko-600x474.png 600w, https:\/\/www.horizont.fi\/horizont\/wp-content\/uploads\/2023\/11\/map-jalasjarven-kirkko-768x607.png 768w, https:\/\/www.horizont.fi\/horizont\/wp-content\/uploads\/2023\/11\/map-jalasjarven-kirkko-15x12.png 15w\" sizes=\"(max-width: 798px) 100vw, 798px\" \/><\/figure>","protected":false},"excerpt":{"rendered":"<p>Jalasj\u00e4rven kirkko on rakennettu vuosina 1799\u20131800 kirkonkyl\u00e4n korkeimmalle m\u00e4elle. Kirkossa on 1&nbsp;000 istumapaikkaa. Kirkon vieress\u00e4 sijaitsee laaja satojen kiviristien sankarihautausmaa. vuoden 1955 korjauksissa uusittiin paanukatto ja siirrettiin alttari alkuper\u00e4iselle paikalleen it\u00e4p\u00e4\u00e4tyyn. Kiinte\u00e4sti kirkkoon liittyv\u00e4n kellotornin kolme kello on valettu 1733, 1751 ja 1817. Kuva: Aleksi Lammi<\/p>","protected":false},"author":18,"featured_media":13077,"comment_status":"closed","ping_status":"open","sticky":false,"template":"","format":"standard","meta":{"_monsterinsights_skip_tracking":false,"_monsterinsights_sitenote_active":false,"_monsterinsights_sitenote_note":"","_monsterinsights_sitenote_category":0,"footnotes":""},"categories":[1],"tags":[1627,1924],"yoast_head":"<!-- This site is optimized with the Yoast SEO plugin v22.6 - https:\/\/yoast.com\/wordpress\/plugins\/seo\/ -->\n<title>JALASJ\u00c4RVEN KIRKKO \u2013 Jalasj\u00e4rvi, 8\/2023 - HORIZONT \u2013 Ilmakuvaus<\/title>\n<meta name=\"description\" content=\"Jalasj\u00e4rven kirkko on rakennettu vuosina 1799\u20131800 kirkonkyl\u00e4n korkeimmalle m\u00e4elle. Kirkossa on 1&nbsp;000 istumapaikkaa. Kirkon vieress\u00e4 sijaitsee laaja\" \/>\n<meta name=\"robots\" content=\"index, follow, max-snippet:-1, max-image-preview:large, max-video-preview:-1\" \/>\n<link rel=\"canonical\" href=\"https:\/\/www.horizont.fi\/en\/jalasjarven-kirkko-jalasjarvi-8-2023\/\" \/>\n<meta property=\"og:locale\" content=\"en_GB\" \/>\n<meta property=\"og:type\" content=\"article\" \/>\n<meta property=\"og:title\" content=\"JALASJ\u00c4RVEN KIRKKO \u2013 Jalasj\u00e4rvi, 8\/2023 - HORIZONT \u2013 Ilmakuvaus\" \/>\n<meta property=\"og:description\" content=\"Jalasj\u00e4rven kirkko on rakennettu vuosina 1799\u20131800 kirkonkyl\u00e4n korkeimmalle m\u00e4elle. Kirkossa on 1&nbsp;000 istumapaikkaa. Kirkon vieress\u00e4 sijaitsee laaja\" \/>\n<meta property=\"og:url\" content=\"https:\/\/www.horizont.fi\/en\/jalasjarven-kirkko-jalasjarvi-8-2023\/\" \/>\n<meta property=\"og:site_name\" content=\"HORIZONT \u2013 Ilmakuvaus\" \/>\n<meta property=\"article:publisher\" content=\"https:\/\/www.facebook.com\/Horizont.Aerial.Photographers\/\" \/>\n<meta property=\"article:published_time\" content=\"2023-10-20T16:12:00+00:00\" \/>\n<meta property=\"article:modified_time\" content=\"2023-11-20T17:18:02+00:00\" \/>\n<meta property=\"og:image\" content=\"https:\/\/www.horizont.fi\/horizont\/wp-content\/uploads\/2023\/10\/JALASJARVEN-KIRKKO-kuva-nro-2-Jalasjarvi-2023-copyright-scaled.jpg\" \/>\n\t<meta property=\"og:image:width\" content=\"2560\" \/>\n\t<meta property=\"og:image:height\" content=\"1350\" \/>\n\t<meta property=\"og:image:type\" content=\"image\/jpeg\" \/>\n<meta name=\"author\" content=\"Arnold\" \/>\n<meta name=\"twitter:card\" content=\"summary_large_image\" \/>\n<meta name=\"twitter:label1\" content=\"Written by\" \/>\n\t<meta name=\"twitter:data1\" content=\"Arnold\" \/>\n\t<meta name=\"twitter:label2\" content=\"Estimated reading time\" \/>\n\t<meta name=\"twitter:data2\" content=\"1 minute\" \/>\n<script type=\"application\/ld+json\" class=\"yoast-schema-graph\">{\"@context\":\"https:\/\/schema.org\",\"@graph\":[{\"@type\":\"Article\",\"@id\":\"https:\/\/www.horizont.fi\/jalasjarven-kirkko-jalasjarvi-8-2023\/#article\",\"isPartOf\":{\"@id\":\"https:\/\/www.horizont.fi\/jalasjarven-kirkko-jalasjarvi-8-2023\/\"},\"author\":{\"name\":\"Arnold\",\"@id\":\"https:\/\/www.horizont.fi\/#\/schema\/person\/4117b41d2ca00dda9ba4d3f64ebd5c32\"},\"headline\":\"JALASJ\u00c4RVEN KIRKKO \u2013 Jalasj\u00e4rvi, 8\/2023\",\"datePublished\":\"2023-10-20T16:12:00+00:00\",\"dateModified\":\"2023-11-20T17:18:02+00:00\",\"mainEntityOfPage\":{\"@id\":\"https:\/\/www.horizont.fi\/jalasjarven-kirkko-jalasjarvi-8-2023\/\"},\"wordCount\":54,\"publisher\":{\"@id\":\"https:\/\/www.horizont.fi\/#organization\"},\"image\":{\"@id\":\"https:\/\/www.horizont.fi\/jalasjarven-kirkko-jalasjarvi-8-2023\/#primaryimage\"},\"thumbnailUrl\":\"https:\/\/www.horizont.fi\/horizont\/wp-content\/uploads\/2023\/10\/JALASJARVEN-KIRKKO-kuva-nro-2-Jalasjarvi-2023-copyright-scaled.jpg\",\"keywords\":[\"aleksi lammi\",\"Jalasj\u00e4rven kirkko\"],\"articleSection\":[\"UUSIMMAT KUVAT\"],\"inLanguage\":\"en-GB\"},{\"@type\":\"WebPage\",\"@id\":\"https:\/\/www.horizont.fi\/jalasjarven-kirkko-jalasjarvi-8-2023\/\",\"url\":\"https:\/\/www.horizont.fi\/jalasjarven-kirkko-jalasjarvi-8-2023\/\",\"name\":\"JALASJ\u00c4RVEN KIRKKO \u2013 Jalasj\u00e4rvi, 8\/2023 - HORIZONT \u2013 Ilmakuvaus\",\"isPartOf\":{\"@id\":\"https:\/\/www.horizont.fi\/#website\"},\"primaryImageOfPage\":{\"@id\":\"https:\/\/www.horizont.fi\/jalasjarven-kirkko-jalasjarvi-8-2023\/#primaryimage\"},\"image\":{\"@id\":\"https:\/\/www.horizont.fi\/jalasjarven-kirkko-jalasjarvi-8-2023\/#primaryimage\"},\"thumbnailUrl\":\"https:\/\/www.horizont.fi\/horizont\/wp-content\/uploads\/2023\/10\/JALASJARVEN-KIRKKO-kuva-nro-2-Jalasjarvi-2023-copyright-scaled.jpg\",\"datePublished\":\"2023-10-20T16:12:00+00:00\",\"dateModified\":\"2023-11-20T17:18:02+00:00\",\"description\":\"Jalasj\u00e4rven kirkko on rakennettu vuosina 1799\u20131800 kirkonkyl\u00e4n korkeimmalle m\u00e4elle. Kirkossa on 1&nbsp;000 istumapaikkaa. Kirkon vieress\u00e4 sijaitsee laaja\",\"breadcrumb\":{\"@id\":\"https:\/\/www.horizont.fi\/jalasjarven-kirkko-jalasjarvi-8-2023\/#breadcrumb\"},\"inLanguage\":\"en-GB\",\"potentialAction\":[{\"@type\":\"ReadAction\",\"target\":[\"https:\/\/www.horizont.fi\/jalasjarven-kirkko-jalasjarvi-8-2023\/\"]}]},{\"@type\":\"ImageObject\",\"inLanguage\":\"en-GB\",\"@id\":\"https:\/\/www.horizont.fi\/jalasjarven-kirkko-jalasjarvi-8-2023\/#primaryimage\",\"url\":\"https:\/\/www.horizont.fi\/horizont\/wp-content\/uploads\/2023\/10\/JALASJARVEN-KIRKKO-kuva-nro-2-Jalasjarvi-2023-copyright-scaled.jpg\",\"contentUrl\":\"https:\/\/www.horizont.fi\/horizont\/wp-content\/uploads\/2023\/10\/JALASJARVEN-KIRKKO-kuva-nro-2-Jalasjarvi-2023-copyright-scaled.jpg\",\"width\":2560,\"height\":1350,\"caption\":\"Aleksi Lammi drone-kuvausta\"},{\"@type\":\"BreadcrumbList\",\"@id\":\"https:\/\/www.horizont.fi\/jalasjarven-kirkko-jalasjarvi-8-2023\/#breadcrumb\",\"itemListElement\":[{\"@type\":\"ListItem\",\"position\":1,\"name\":\"Etusivu\",\"item\":\"https:\/\/www.horizont.fi\/\"},{\"@type\":\"ListItem\",\"position\":2,\"name\":\"JALASJ\u00c4RVEN KIRKKO \u2013 Jalasj\u00e4rvi, 8\/2023\"}]},{\"@type\":\"WebSite\",\"@id\":\"https:\/\/www.horizont.fi\/#website\",\"url\":\"https:\/\/www.horizont.fi\/\",\"name\":\"HORIZONT \u2013 Ilmakuvaus\",\"description\":\"Lennokkaita kuvia ja videoita\",\"publisher\":{\"@id\":\"https:\/\/www.horizont.fi\/#organization\"},\"potentialAction\":[{\"@type\":\"SearchAction\",\"target\":{\"@type\":\"EntryPoint\",\"urlTemplate\":\"https:\/\/www.horizont.fi\/?s={search_term_string}\"},\"query-input\":\"required name=search_term_string\"}],\"inLanguage\":\"en-GB\"},{\"@type\":\"Organization\",\"@id\":\"https:\/\/www.horizont.fi\/#organization\",\"name\":\"Horizont - Ilmakuvat\",\"url\":\"https:\/\/www.horizont.fi\/\",\"logo\":{\"@type\":\"ImageObject\",\"inLanguage\":\"en-GB\",\"@id\":\"https:\/\/www.horizont.fi\/#\/schema\/logo\/image\/\",\"url\":\"https:\/\/www.horizont.fi\/horizont\/wp-content\/uploads\/2017\/02\/cropped-logo-horizont2-150.png\",\"contentUrl\":\"https:\/\/www.horizont.fi\/horizont\/wp-content\/uploads\/2017\/02\/cropped-logo-horizont2-150.png\",\"width\":136,\"height\":122,\"caption\":\"Horizont - Ilmakuvat\"},\"image\":{\"@id\":\"https:\/\/www.horizont.fi\/#\/schema\/logo\/image\/\"},\"sameAs\":[\"https:\/\/www.facebook.com\/Horizont.Aerial.Photographers\/\",\"https:\/\/www.instagram.com\/horizont.fi\/\",\"https:\/\/www.youtube.com\/channel\/UC_1M_GpRMYCa9dlvKBQdy-g\"]},{\"@type\":\"Person\",\"@id\":\"https:\/\/www.horizont.fi\/#\/schema\/person\/4117b41d2ca00dda9ba4d3f64ebd5c32\",\"name\":\"Arnold\",\"image\":{\"@type\":\"ImageObject\",\"inLanguage\":\"en-GB\",\"@id\":\"https:\/\/www.horizont.fi\/#\/schema\/person\/image\/\",\"url\":\"https:\/\/secure.gravatar.com\/avatar\/01d855234bf99dd28a5abdf2ec0622d9?s=96&d=mm&r=g\",\"contentUrl\":\"https:\/\/secure.gravatar.com\/avatar\/01d855234bf99dd28a5abdf2ec0622d9?s=96&d=mm&r=g\",\"caption\":\"Arnold\"}}]}<\/script>\n<!-- \/ Yoast SEO plugin. -->","yoast_head_json":{"title":"JALASJ\u00c4RVEN KIRKKO \u2013 Jalasj\u00e4rvi, 8\/2023 - HORIZONT \u2013 Ilmakuvaus","description":"Jalasj\u00e4rven kirkko on rakennettu vuosina 1799\u20131800 kirkonkyl\u00e4n korkeimmalle m\u00e4elle. Kirkossa on 1&nbsp;000 istumapaikkaa. Kirkon vieress\u00e4 sijaitsee laaja","robots":{"index":"index","follow":"follow","max-snippet":"max-snippet:-1","max-image-preview":"max-image-preview:large","max-video-preview":"max-video-preview:-1"},"canonical":"https:\/\/www.horizont.fi\/en\/jalasjarven-kirkko-jalasjarvi-8-2023\/","og_locale":"en_GB","og_type":"article","og_title":"JALASJ\u00c4RVEN KIRKKO \u2013 Jalasj\u00e4rvi, 8\/2023 - HORIZONT \u2013 Ilmakuvaus","og_description":"Jalasj\u00e4rven kirkko on rakennettu vuosina 1799\u20131800 kirkonkyl\u00e4n korkeimmalle m\u00e4elle. Kirkossa on 1&nbsp;000 istumapaikkaa. Kirkon vieress\u00e4 sijaitsee laaja","og_url":"https:\/\/www.horizont.fi\/en\/jalasjarven-kirkko-jalasjarvi-8-2023\/","og_site_name":"HORIZONT \u2013 Ilmakuvaus","article_publisher":"https:\/\/www.facebook.com\/Horizont.Aerial.Photographers\/","article_published_time":"2023-10-20T16:12:00+00:00","article_modified_time":"2023-11-20T17:18:02+00:00","og_image":[{"width":2560,"height":1350,"url":"https:\/\/www.horizont.fi\/horizont\/wp-content\/uploads\/2023\/10\/JALASJARVEN-KIRKKO-kuva-nro-2-Jalasjarvi-2023-copyright-scaled.jpg","type":"image\/jpeg"}],"author":"Arnold","twitter_card":"summary_large_image","twitter_misc":{"Written by":"Arnold","Estimated reading time":"1 minute"},"schema":{"@context":"https:\/\/schema.org","@graph":[{"@type":"Article","@id":"https:\/\/www.horizont.fi\/jalasjarven-kirkko-jalasjarvi-8-2023\/#article","isPartOf":{"@id":"https:\/\/www.horizont.fi\/jalasjarven-kirkko-jalasjarvi-8-2023\/"},"author":{"name":"Arnold","@id":"https:\/\/www.horizont.fi\/#\/schema\/person\/4117b41d2ca00dda9ba4d3f64ebd5c32"},"headline":"JALASJ\u00c4RVEN KIRKKO \u2013 Jalasj\u00e4rvi, 8\/2023","datePublished":"2023-10-20T16:12:00+00:00","dateModified":"2023-11-20T17:18:02+00:00","mainEntityOfPage":{"@id":"https:\/\/www.horizont.fi\/jalasjarven-kirkko-jalasjarvi-8-2023\/"},"wordCount":54,"publisher":{"@id":"https:\/\/www.horizont.fi\/#organization"},"image":{"@id":"https:\/\/www.horizont.fi\/jalasjarven-kirkko-jalasjarvi-8-2023\/#primaryimage"},"thumbnailUrl":"https:\/\/www.horizont.fi\/horizont\/wp-content\/uploads\/2023\/10\/JALASJARVEN-KIRKKO-kuva-nro-2-Jalasjarvi-2023-copyright-scaled.jpg","keywords":["aleksi lammi","Jalasj\u00e4rven kirkko"],"articleSection":["UUSIMMAT KUVAT"],"inLanguage":"en-GB"},{"@type":"WebPage","@id":"https:\/\/www.horizont.fi\/jalasjarven-kirkko-jalasjarvi-8-2023\/","url":"https:\/\/www.horizont.fi\/jalasjarven-kirkko-jalasjarvi-8-2023\/","name":"JALASJ\u00c4RVEN KIRKKO \u2013 Jalasj\u00e4rvi, 8\/2023 - HORIZONT \u2013 Ilmakuvaus","isPartOf":{"@id":"https:\/\/www.horizont.fi\/#website"},"primaryImageOfPage":{"@id":"https:\/\/www.horizont.fi\/jalasjarven-kirkko-jalasjarvi-8-2023\/#primaryimage"},"image":{"@id":"https:\/\/www.horizont.fi\/jalasjarven-kirkko-jalasjarvi-8-2023\/#primaryimage"},"thumbnailUrl":"https:\/\/www.horizont.fi\/horizont\/wp-content\/uploads\/2023\/10\/JALASJARVEN-KIRKKO-kuva-nro-2-Jalasjarvi-2023-copyright-scaled.jpg","datePublished":"2023-10-20T16:12:00+00:00","dateModified":"2023-11-20T17:18:02+00:00","description":"Jalasj\u00e4rven kirkko on rakennettu vuosina 1799\u20131800 kirkonkyl\u00e4n korkeimmalle m\u00e4elle. Kirkossa on 1&nbsp;000 istumapaikkaa. Kirkon vieress\u00e4 sijaitsee laaja","breadcrumb":{"@id":"https:\/\/www.horizont.fi\/jalasjarven-kirkko-jalasjarvi-8-2023\/#breadcrumb"},"inLanguage":"en-GB","potentialAction":[{"@type":"ReadAction","target":["https:\/\/www.horizont.fi\/jalasjarven-kirkko-jalasjarvi-8-2023\/"]}]},{"@type":"ImageObject","inLanguage":"en-GB","@id":"https:\/\/www.horizont.fi\/jalasjarven-kirkko-jalasjarvi-8-2023\/#primaryimage","url":"https:\/\/www.horizont.fi\/horizont\/wp-content\/uploads\/2023\/10\/JALASJARVEN-KIRKKO-kuva-nro-2-Jalasjarvi-2023-copyright-scaled.jpg","contentUrl":"https:\/\/www.horizont.fi\/horizont\/wp-content\/uploads\/2023\/10\/JALASJARVEN-KIRKKO-kuva-nro-2-Jalasjarvi-2023-copyright-scaled.jpg","width":2560,"height":1350,"caption":"Aleksi Lammi drone-kuvausta"},{"@type":"BreadcrumbList","@id":"https:\/\/www.horizont.fi\/jalasjarven-kirkko-jalasjarvi-8-2023\/#breadcrumb","itemListElement":[{"@type":"ListItem","position":1,"name":"Etusivu","item":"https:\/\/www.horizont.fi\/"},{"@type":"ListItem","position":2,"name":"JALASJ\u00c4RVEN KIRKKO \u2013 Jalasj\u00e4rvi, 8\/2023"}]},{"@type":"WebSite","@id":"https:\/\/www.horizont.fi\/#website","url":"https:\/\/www.horizont.fi\/","name":"HORIZONT \u2013 Ilmakuvaus","description":"Lennokkaita kuvia ja videoita","publisher":{"@id":"https:\/\/www.horizont.fi\/#organization"},"potentialAction":[{"@type":"SearchAction","target":{"@type":"EntryPoint","urlTemplate":"https:\/\/www.horizont.fi\/?s={search_term_string}"},"query-input":"required name=search_term_string"}],"inLanguage":"en-GB"},{"@type":"Organization","@id":"https:\/\/www.horizont.fi\/#organization","name":"Horizont - Ilmakuvat","url":"https:\/\/www.horizont.fi\/","logo":{"@type":"ImageObject","inLanguage":"en-GB","@id":"https:\/\/www.horizont.fi\/#\/schema\/logo\/image\/","url":"https:\/\/www.horizont.fi\/horizont\/wp-content\/uploads\/2017\/02\/cropped-logo-horizont2-150.png","contentUrl":"https:\/\/www.horizont.fi\/horizont\/wp-content\/uploads\/2017\/02\/cropped-logo-horizont2-150.png","width":136,"height":122,"caption":"Horizont - Ilmakuvat"},"image":{"@id":"https:\/\/www.horizont.fi\/#\/schema\/logo\/image\/"},"sameAs":["https:\/\/www.facebook.com\/Horizont.Aerial.Photographers\/","https:\/\/www.instagram.com\/horizont.fi\/","https:\/\/www.youtube.com\/channel\/UC_1M_GpRMYCa9dlvKBQdy-g"]},{"@type":"Person","@id":"https:\/\/www.horizont.fi\/#\/schema\/person\/4117b41d2ca00dda9ba4d3f64ebd5c32","name":"Arnold","image":{"@type":"ImageObject","inLanguage":"en-GB","@id":"https:\/\/www.horizont.fi\/#\/schema\/person\/image\/","url":"https:\/\/secure.gravatar.com\/avatar\/01d855234bf99dd28a5abdf2ec0622d9?s=96&d=mm&r=g","contentUrl":"https:\/\/secure.gravatar.com\/avatar\/01d855234bf99dd28a5abdf2ec0622d9?s=96&d=mm&r=g","caption":"Arnold"}}]}},"_links":{"self":[{"href":"https:\/\/www.horizont.fi\/en\/wp-json\/wp\/v2\/posts\/13216"}],"collection":[{"href":"https:\/\/www.horizont.fi\/en\/wp-json\/wp\/v2\/posts"}],"about":[{"href":"https:\/\/www.horizont.fi\/en\/wp-json\/wp\/v2\/types\/post"}],"author":[{"embeddable":true,"href":"https:\/\/www.horizont.fi\/en\/wp-json\/wp\/v2\/users\/18"}],"replies":[{"embeddable":true,"href":"https:\/\/www.horizont.fi\/en\/wp-json\/wp\/v2\/comments?post=13216"}],"version-history":[{"count":1,"href":"https:\/\/www.horizont.fi\/en\/wp-json\/wp\/v2\/posts\/13216\/revisions"}],"predecessor-version":[{"id":13218,"href":"https:\/\/www.horizont.fi\/en\/wp-json\/wp\/v2\/posts\/13216\/revisions\/13218"}],"wp:featuredmedia":[{"embeddable":true,"href":"https:\/\/www.horizont.fi\/en\/wp-json\/wp\/v2\/media\/13077"}],"wp:attachment":[{"href":"https:\/\/www.horizont.fi\/en\/wp-json\/wp\/v2\/media?parent=13216"}],"wp:term":[{"taxonomy":"category","embeddable":true,"href":"https:\/\/www.horizont.fi\/en\/wp-json\/wp\/v2\/categories?post=13216"},{"taxonomy":"post_tag","embeddable":true,"href":"https:\/\/www.horizont.fi\/en\/wp-json\/wp\/v2\/tags?post=13216"}],"curies":[{"name":"wp","href":"https:\/\/api.w.org\/{rel}","templated":true}]}}