{"id":1447,"date":"2017-01-28T00:45:52","date_gmt":"2017-01-27T22:45:52","guid":{"rendered":"http:\/\/www.horizont.fi\/?p=1447"},"modified":"2018-08-19T09:43:18","modified_gmt":"2018-08-19T06:43:18","slug":"klaukkalan-kirkko-nurmijarvi-2017","status":"publish","type":"post","link":"https:\/\/www.horizont.fi\/en\/klaukkalan-kirkko-nurmijarvi-2017\/","title":{"rendered":"KLAUKKALAN KIRKKO TALVI &#8211; Nurmij\u00e4rvi, 2017"},"content":{"rendered":"<p>Klaukkalan kirkko eroaa ulkomuodoiltaan perinteisest\u00e4 kirkosta. Kuution muotoinen 15 metri\u00e4 korkea rakennus kohoaa m\u00e4en rinteell\u00e4 Klaukkalan keskustassa. Kirkon suunnittelukilpailun voitti vuonna 2000 arkkitehti Anssi Lassilan suunnitelma. Kirkko ja seurakuntakeskus laajennuksineen valmistui syksyll\u00e4 2004.<\/p>\n<p><a href=\"http:\/\/www.horizont.fi\/horizont\/wp-content\/uploads\/2017\/01\/map-Klaukkalan-kirkko.jpg\"><img decoding=\"async\" loading=\"lazy\" class=\"aligncenter wp-image-1450 size-full\" src=\"http:\/\/www.horizont.fi\/horizont\/wp-content\/uploads\/2017\/01\/map-Klaukkalan-kirkko.jpg\" alt=\"\" width=\"429\" height=\"417\" srcset=\"https:\/\/www.horizont.fi\/horizont\/wp-content\/uploads\/2017\/01\/map-Klaukkalan-kirkko.jpg 429w, https:\/\/www.horizont.fi\/horizont\/wp-content\/uploads\/2017\/01\/map-Klaukkalan-kirkko-300x292.jpg 300w\" sizes=\"(max-width: 429px) 100vw, 429px\" \/><\/a><\/p>","protected":false},"excerpt":{"rendered":"<p>Klaukkalan kirkko eroaa ulkomuodoiltaan perinteisest\u00e4 kirkosta. Kuution muotoinen 15 metri\u00e4 korkea rakennus kohoaa m\u00e4en rinteell\u00e4 Klaukkalan keskustassa. Kirkon suunnittelukilpailun voitti vuonna 2000 arkkitehti Anssi Lassilan suunnitelma. Kirkko ja seurakuntakeskus laajennuksineen valmistui syksyll\u00e4 2004.<\/p>","protected":false},"author":18,"featured_media":8237,"comment_status":"open","ping_status":"open","sticky":false,"template":"","format":"standard","meta":{"_monsterinsights_skip_tracking":false,"_monsterinsights_sitenote_active":false,"_monsterinsights_sitenote_note":"","_monsterinsights_sitenote_category":0,"footnotes":""},"categories":[1],"tags":[342,378,262,1394],"yoast_head":"<!-- This site is optimized with the Yoast SEO plugin v22.6 - https:\/\/yoast.com\/wordpress\/plugins\/seo\/ -->\n<title>ilmakuva klaukkalan kirkko<\/title>\n<meta name=\"description\" content=\"Klaukkalan kirkko eroaa ulkomuodoiltaan perinteisest\u00e4 kirkosta. Kuution muotoinen 15 metri\u00e4 korkea rakennus kohoaa m\u00e4en rinteell\u00e4 Klaukkalan keskustassa.\" \/>\n<meta name=\"robots\" content=\"index, follow, max-snippet:-1, max-image-preview:large, max-video-preview:-1\" \/>\n<link rel=\"canonical\" href=\"https:\/\/www.horizont.fi\/en\/klaukkalan-kirkko-nurmijarvi-2017\/\" \/>\n<meta property=\"og:locale\" content=\"en_GB\" \/>\n<meta property=\"og:type\" content=\"article\" \/>\n<meta property=\"og:title\" content=\"ilmakuva klaukkalan kirkko\" \/>\n<meta property=\"og:description\" content=\"Klaukkalan kirkko eroaa ulkomuodoiltaan perinteisest\u00e4 kirkosta. Kuution muotoinen 15 metri\u00e4 korkea rakennus kohoaa m\u00e4en rinteell\u00e4 Klaukkalan keskustassa.\" \/>\n<meta property=\"og:url\" content=\"https:\/\/www.horizont.fi\/en\/klaukkalan-kirkko-nurmijarvi-2017\/\" \/>\n<meta property=\"og:site_name\" content=\"HORIZONT \u2013 Ilmakuvaus\" \/>\n<meta property=\"article:publisher\" content=\"https:\/\/www.facebook.com\/Horizont.Aerial.Photographers\/\" \/>\n<meta property=\"article:published_time\" content=\"2017-01-27T22:45:52+00:00\" \/>\n<meta property=\"article:modified_time\" content=\"2018-08-19T06:43:18+00:00\" \/>\n<meta property=\"og:image\" content=\"https:\/\/www.horizont.fi\/horizont\/wp-content\/uploads\/2018\/08\/cr4-Horizont-kuva_resized_Klaukkalan_kirkko_1.jpg\" \/>\n\t<meta property=\"og:image:width\" content=\"1000\" \/>\n\t<meta property=\"og:image:height\" content=\"739\" \/>\n\t<meta property=\"og:image:type\" content=\"image\/jpeg\" \/>\n<meta name=\"author\" content=\"Arnold\" \/>\n<meta name=\"twitter:card\" content=\"summary_large_image\" \/>\n<meta name=\"twitter:label1\" content=\"Written by\" \/>\n\t<meta name=\"twitter:data1\" content=\"Arnold\" \/>\n<script type=\"application\/ld+json\" class=\"yoast-schema-graph\">{\"@context\":\"https:\/\/schema.org\",\"@graph\":[{\"@type\":\"Article\",\"@id\":\"https:\/\/www.horizont.fi\/klaukkalan-kirkko-nurmijarvi-2017\/#article\",\"isPartOf\":{\"@id\":\"https:\/\/www.horizont.fi\/klaukkalan-kirkko-nurmijarvi-2017\/\"},\"author\":{\"name\":\"Arnold\",\"@id\":\"https:\/\/www.horizont.fi\/#\/schema\/person\/4117b41d2ca00dda9ba4d3f64ebd5c32\"},\"headline\":\"KLAUKKALAN KIRKKO TALVI &#8211; Nurmij\u00e4rvi, 2017\",\"datePublished\":\"2017-01-27T22:45:52+00:00\",\"dateModified\":\"2018-08-19T06:43:18+00:00\",\"mainEntityOfPage\":{\"@id\":\"https:\/\/www.horizont.fi\/klaukkalan-kirkko-nurmijarvi-2017\/\"},\"wordCount\":37,\"commentCount\":0,\"publisher\":{\"@id\":\"https:\/\/www.horizont.fi\/#organization\"},\"image\":{\"@id\":\"https:\/\/www.horizont.fi\/klaukkalan-kirkko-nurmijarvi-2017\/#primaryimage\"},\"thumbnailUrl\":\"https:\/\/www.horizont.fi\/horizont\/wp-content\/uploads\/2018\/08\/cr4-Horizont-kuva_resized_Klaukkalan_kirkko_1.jpg\",\"keywords\":[\"ilmakuva\",\"ilmakuvaus\",\"kirkko\",\"Klaukkala\"],\"articleSection\":[\"UUSIMMAT KUVAT\"],\"inLanguage\":\"en-GB\",\"potentialAction\":[{\"@type\":\"CommentAction\",\"name\":\"Comment\",\"target\":[\"https:\/\/www.horizont.fi\/klaukkalan-kirkko-nurmijarvi-2017\/#respond\"]}]},{\"@type\":\"WebPage\",\"@id\":\"https:\/\/www.horizont.fi\/klaukkalan-kirkko-nurmijarvi-2017\/\",\"url\":\"https:\/\/www.horizont.fi\/klaukkalan-kirkko-nurmijarvi-2017\/\",\"name\":\"ilmakuva klaukkalan kirkko\",\"isPartOf\":{\"@id\":\"https:\/\/www.horizont.fi\/#website\"},\"primaryImageOfPage\":{\"@id\":\"https:\/\/www.horizont.fi\/klaukkalan-kirkko-nurmijarvi-2017\/#primaryimage\"},\"image\":{\"@id\":\"https:\/\/www.horizont.fi\/klaukkalan-kirkko-nurmijarvi-2017\/#primaryimage\"},\"thumbnailUrl\":\"https:\/\/www.horizont.fi\/horizont\/wp-content\/uploads\/2018\/08\/cr4-Horizont-kuva_resized_Klaukkalan_kirkko_1.jpg\",\"datePublished\":\"2017-01-27T22:45:52+00:00\",\"dateModified\":\"2018-08-19T06:43:18+00:00\",\"description\":\"Klaukkalan kirkko eroaa ulkomuodoiltaan perinteisest\u00e4 kirkosta. Kuution muotoinen 15 metri\u00e4 korkea rakennus kohoaa m\u00e4en rinteell\u00e4 Klaukkalan keskustassa.\",\"breadcrumb\":{\"@id\":\"https:\/\/www.horizont.fi\/klaukkalan-kirkko-nurmijarvi-2017\/#breadcrumb\"},\"inLanguage\":\"en-GB\",\"potentialAction\":[{\"@type\":\"ReadAction\",\"target\":[\"https:\/\/www.horizont.fi\/klaukkalan-kirkko-nurmijarvi-2017\/\"]}]},{\"@type\":\"ImageObject\",\"inLanguage\":\"en-GB\",\"@id\":\"https:\/\/www.horizont.fi\/klaukkalan-kirkko-nurmijarvi-2017\/#primaryimage\",\"url\":\"https:\/\/www.horizont.fi\/horizont\/wp-content\/uploads\/2018\/08\/cr4-Horizont-kuva_resized_Klaukkalan_kirkko_1.jpg\",\"contentUrl\":\"https:\/\/www.horizont.fi\/horizont\/wp-content\/uploads\/2018\/08\/cr4-Horizont-kuva_resized_Klaukkalan_kirkko_1.jpg\",\"width\":1000,\"height\":739},{\"@type\":\"BreadcrumbList\",\"@id\":\"https:\/\/www.horizont.fi\/klaukkalan-kirkko-nurmijarvi-2017\/#breadcrumb\",\"itemListElement\":[{\"@type\":\"ListItem\",\"position\":1,\"name\":\"Etusivu\",\"item\":\"https:\/\/www.horizont.fi\/\"},{\"@type\":\"ListItem\",\"position\":2,\"name\":\"KLAUKKALAN KIRKKO TALVI &#8211; Nurmij\u00e4rvi, 2017\"}]},{\"@type\":\"WebSite\",\"@id\":\"https:\/\/www.horizont.fi\/#website\",\"url\":\"https:\/\/www.horizont.fi\/\",\"name\":\"HORIZONT \u2013 Ilmakuvaus\",\"description\":\"Lennokkaita kuvia ja videoita\",\"publisher\":{\"@id\":\"https:\/\/www.horizont.fi\/#organization\"},\"potentialAction\":[{\"@type\":\"SearchAction\",\"target\":{\"@type\":\"EntryPoint\",\"urlTemplate\":\"https:\/\/www.horizont.fi\/?s={search_term_string}\"},\"query-input\":\"required name=search_term_string\"}],\"inLanguage\":\"en-GB\"},{\"@type\":\"Organization\",\"@id\":\"https:\/\/www.horizont.fi\/#organization\",\"name\":\"Horizont - Ilmakuvat\",\"url\":\"https:\/\/www.horizont.fi\/\",\"logo\":{\"@type\":\"ImageObject\",\"inLanguage\":\"en-GB\",\"@id\":\"https:\/\/www.horizont.fi\/#\/schema\/logo\/image\/\",\"url\":\"https:\/\/www.horizont.fi\/horizont\/wp-content\/uploads\/2017\/02\/cropped-logo-horizont2-150.png\",\"contentUrl\":\"https:\/\/www.horizont.fi\/horizont\/wp-content\/uploads\/2017\/02\/cropped-logo-horizont2-150.png\",\"width\":136,\"height\":122,\"caption\":\"Horizont - Ilmakuvat\"},\"image\":{\"@id\":\"https:\/\/www.horizont.fi\/#\/schema\/logo\/image\/\"},\"sameAs\":[\"https:\/\/www.facebook.com\/Horizont.Aerial.Photographers\/\",\"https:\/\/www.instagram.com\/horizont.fi\/\",\"https:\/\/www.youtube.com\/channel\/UC_1M_GpRMYCa9dlvKBQdy-g\"]},{\"@type\":\"Person\",\"@id\":\"https:\/\/www.horizont.fi\/#\/schema\/person\/4117b41d2ca00dda9ba4d3f64ebd5c32\",\"name\":\"Arnold\",\"image\":{\"@type\":\"ImageObject\",\"inLanguage\":\"en-GB\",\"@id\":\"https:\/\/www.horizont.fi\/#\/schema\/person\/image\/\",\"url\":\"https:\/\/secure.gravatar.com\/avatar\/01d855234bf99dd28a5abdf2ec0622d9?s=96&d=mm&r=g\",\"contentUrl\":\"https:\/\/secure.gravatar.com\/avatar\/01d855234bf99dd28a5abdf2ec0622d9?s=96&d=mm&r=g\",\"caption\":\"Arnold\"}}]}<\/script>\n<!-- \/ Yoast SEO plugin. -->","yoast_head_json":{"title":"ilmakuva klaukkalan kirkko","description":"Klaukkalan kirkko eroaa ulkomuodoiltaan perinteisest\u00e4 kirkosta. Kuution muotoinen 15 metri\u00e4 korkea rakennus kohoaa m\u00e4en rinteell\u00e4 Klaukkalan keskustassa.","robots":{"index":"index","follow":"follow","max-snippet":"max-snippet:-1","max-image-preview":"max-image-preview:large","max-video-preview":"max-video-preview:-1"},"canonical":"https:\/\/www.horizont.fi\/en\/klaukkalan-kirkko-nurmijarvi-2017\/","og_locale":"en_GB","og_type":"article","og_title":"ilmakuva klaukkalan kirkko","og_description":"Klaukkalan kirkko eroaa ulkomuodoiltaan perinteisest\u00e4 kirkosta. Kuution muotoinen 15 metri\u00e4 korkea rakennus kohoaa m\u00e4en rinteell\u00e4 Klaukkalan keskustassa.","og_url":"https:\/\/www.horizont.fi\/en\/klaukkalan-kirkko-nurmijarvi-2017\/","og_site_name":"HORIZONT \u2013 Ilmakuvaus","article_publisher":"https:\/\/www.facebook.com\/Horizont.Aerial.Photographers\/","article_published_time":"2017-01-27T22:45:52+00:00","article_modified_time":"2018-08-19T06:43:18+00:00","og_image":[{"width":1000,"height":739,"url":"https:\/\/www.horizont.fi\/horizont\/wp-content\/uploads\/2018\/08\/cr4-Horizont-kuva_resized_Klaukkalan_kirkko_1.jpg","type":"image\/jpeg"}],"author":"Arnold","twitter_card":"summary_large_image","twitter_misc":{"Written by":"Arnold"},"schema":{"@context":"https:\/\/schema.org","@graph":[{"@type":"Article","@id":"https:\/\/www.horizont.fi\/klaukkalan-kirkko-nurmijarvi-2017\/#article","isPartOf":{"@id":"https:\/\/www.horizont.fi\/klaukkalan-kirkko-nurmijarvi-2017\/"},"author":{"name":"Arnold","@id":"https:\/\/www.horizont.fi\/#\/schema\/person\/4117b41d2ca00dda9ba4d3f64ebd5c32"},"headline":"KLAUKKALAN KIRKKO TALVI &#8211; Nurmij\u00e4rvi, 2017","datePublished":"2017-01-27T22:45:52+00:00","dateModified":"2018-08-19T06:43:18+00:00","mainEntityOfPage":{"@id":"https:\/\/www.horizont.fi\/klaukkalan-kirkko-nurmijarvi-2017\/"},"wordCount":37,"commentCount":0,"publisher":{"@id":"https:\/\/www.horizont.fi\/#organization"},"image":{"@id":"https:\/\/www.horizont.fi\/klaukkalan-kirkko-nurmijarvi-2017\/#primaryimage"},"thumbnailUrl":"https:\/\/www.horizont.fi\/horizont\/wp-content\/uploads\/2018\/08\/cr4-Horizont-kuva_resized_Klaukkalan_kirkko_1.jpg","keywords":["ilmakuva","ilmakuvaus","kirkko","Klaukkala"],"articleSection":["UUSIMMAT KUVAT"],"inLanguage":"en-GB","potentialAction":[{"@type":"CommentAction","name":"Comment","target":["https:\/\/www.horizont.fi\/klaukkalan-kirkko-nurmijarvi-2017\/#respond"]}]},{"@type":"WebPage","@id":"https:\/\/www.horizont.fi\/klaukkalan-kirkko-nurmijarvi-2017\/","url":"https:\/\/www.horizont.fi\/klaukkalan-kirkko-nurmijarvi-2017\/","name":"ilmakuva klaukkalan kirkko","isPartOf":{"@id":"https:\/\/www.horizont.fi\/#website"},"primaryImageOfPage":{"@id":"https:\/\/www.horizont.fi\/klaukkalan-kirkko-nurmijarvi-2017\/#primaryimage"},"image":{"@id":"https:\/\/www.horizont.fi\/klaukkalan-kirkko-nurmijarvi-2017\/#primaryimage"},"thumbnailUrl":"https:\/\/www.horizont.fi\/horizont\/wp-content\/uploads\/2018\/08\/cr4-Horizont-kuva_resized_Klaukkalan_kirkko_1.jpg","datePublished":"2017-01-27T22:45:52+00:00","dateModified":"2018-08-19T06:43:18+00:00","description":"Klaukkalan kirkko eroaa ulkomuodoiltaan perinteisest\u00e4 kirkosta. Kuution muotoinen 15 metri\u00e4 korkea rakennus kohoaa m\u00e4en rinteell\u00e4 Klaukkalan keskustassa.","breadcrumb":{"@id":"https:\/\/www.horizont.fi\/klaukkalan-kirkko-nurmijarvi-2017\/#breadcrumb"},"inLanguage":"en-GB","potentialAction":[{"@type":"ReadAction","target":["https:\/\/www.horizont.fi\/klaukkalan-kirkko-nurmijarvi-2017\/"]}]},{"@type":"ImageObject","inLanguage":"en-GB","@id":"https:\/\/www.horizont.fi\/klaukkalan-kirkko-nurmijarvi-2017\/#primaryimage","url":"https:\/\/www.horizont.fi\/horizont\/wp-content\/uploads\/2018\/08\/cr4-Horizont-kuva_resized_Klaukkalan_kirkko_1.jpg","contentUrl":"https:\/\/www.horizont.fi\/horizont\/wp-content\/uploads\/2018\/08\/cr4-Horizont-kuva_resized_Klaukkalan_kirkko_1.jpg","width":1000,"height":739},{"@type":"BreadcrumbList","@id":"https:\/\/www.horizont.fi\/klaukkalan-kirkko-nurmijarvi-2017\/#breadcrumb","itemListElement":[{"@type":"ListItem","position":1,"name":"Etusivu","item":"https:\/\/www.horizont.fi\/"},{"@type":"ListItem","position":2,"name":"KLAUKKALAN KIRKKO TALVI &#8211; Nurmij\u00e4rvi, 2017"}]},{"@type":"WebSite","@id":"https:\/\/www.horizont.fi\/#website","url":"https:\/\/www.horizont.fi\/","name":"HORIZONT \u2013 Ilmakuvaus","description":"Lennokkaita kuvia ja videoita","publisher":{"@id":"https:\/\/www.horizont.fi\/#organization"},"potentialAction":[{"@type":"SearchAction","target":{"@type":"EntryPoint","urlTemplate":"https:\/\/www.horizont.fi\/?s={search_term_string}"},"query-input":"required name=search_term_string"}],"inLanguage":"en-GB"},{"@type":"Organization","@id":"https:\/\/www.horizont.fi\/#organization","name":"Horizont - Ilmakuvat","url":"https:\/\/www.horizont.fi\/","logo":{"@type":"ImageObject","inLanguage":"en-GB","@id":"https:\/\/www.horizont.fi\/#\/schema\/logo\/image\/","url":"https:\/\/www.horizont.fi\/horizont\/wp-content\/uploads\/2017\/02\/cropped-logo-horizont2-150.png","contentUrl":"https:\/\/www.horizont.fi\/horizont\/wp-content\/uploads\/2017\/02\/cropped-logo-horizont2-150.png","width":136,"height":122,"caption":"Horizont - Ilmakuvat"},"image":{"@id":"https:\/\/www.horizont.fi\/#\/schema\/logo\/image\/"},"sameAs":["https:\/\/www.facebook.com\/Horizont.Aerial.Photographers\/","https:\/\/www.instagram.com\/horizont.fi\/","https:\/\/www.youtube.com\/channel\/UC_1M_GpRMYCa9dlvKBQdy-g"]},{"@type":"Person","@id":"https:\/\/www.horizont.fi\/#\/schema\/person\/4117b41d2ca00dda9ba4d3f64ebd5c32","name":"Arnold","image":{"@type":"ImageObject","inLanguage":"en-GB","@id":"https:\/\/www.horizont.fi\/#\/schema\/person\/image\/","url":"https:\/\/secure.gravatar.com\/avatar\/01d855234bf99dd28a5abdf2ec0622d9?s=96&d=mm&r=g","contentUrl":"https:\/\/secure.gravatar.com\/avatar\/01d855234bf99dd28a5abdf2ec0622d9?s=96&d=mm&r=g","caption":"Arnold"}}]}},"_links":{"self":[{"href":"https:\/\/www.horizont.fi\/en\/wp-json\/wp\/v2\/posts\/1447"}],"collection":[{"href":"https:\/\/www.horizont.fi\/en\/wp-json\/wp\/v2\/posts"}],"about":[{"href":"https:\/\/www.horizont.fi\/en\/wp-json\/wp\/v2\/types\/post"}],"author":[{"embeddable":true,"href":"https:\/\/www.horizont.fi\/en\/wp-json\/wp\/v2\/users\/18"}],"replies":[{"embeddable":true,"href":"https:\/\/www.horizont.fi\/en\/wp-json\/wp\/v2\/comments?post=1447"}],"version-history":[{"count":5,"href":"https:\/\/www.horizont.fi\/en\/wp-json\/wp\/v2\/posts\/1447\/revisions"}],"predecessor-version":[{"id":8329,"href":"https:\/\/www.horizont.fi\/en\/wp-json\/wp\/v2\/posts\/1447\/revisions\/8329"}],"wp:featuredmedia":[{"embeddable":true,"href":"https:\/\/www.horizont.fi\/en\/wp-json\/wp\/v2\/media\/8237"}],"wp:attachment":[{"href":"https:\/\/www.horizont.fi\/en\/wp-json\/wp\/v2\/media?parent=1447"}],"wp:term":[{"taxonomy":"category","embeddable":true,"href":"https:\/\/www.horizont.fi\/en\/wp-json\/wp\/v2\/categories?post=1447"},{"taxonomy":"post_tag","embeddable":true,"href":"https:\/\/www.horizont.fi\/en\/wp-json\/wp\/v2\/tags?post=1447"}],"curies":[{"name":"wp","href":"https:\/\/api.w.org\/{rel}","templated":true}]}}