{"id":3177,"date":"2017-05-02T20:21:47","date_gmt":"2017-05-02T17:21:47","guid":{"rendered":"http:\/\/www.horizont.fi\/?p=3177"},"modified":"2018-08-19T09:11:05","modified_gmt":"2018-08-19T06:11:05","slug":"turun-linna-turku-2017","status":"publish","type":"post","link":"https:\/\/www.horizont.fi\/en\/turun-linna-turku-2017\/","title":{"rendered":"TURUN LINNA &#8211; Turku, 2017"},"content":{"rendered":"<p>Pommituksessa kes\u00e4kuussa 1941 pahoin vaurioitunut Turun linna restauroitiin perusteellisesti sodan j\u00e4lkeen, ty\u00f6 kesti 15 vuotta. Linna avattiin yleis\u00f6lle juhlallisin menoin vuonna 1961, avaajana toimi Tasavallan presidentti Urho Kekkonen.\u00a0Nyky\u00e4\u00e4n yli 100 000 k\u00e4vij\u00e4\u00e4 vierailee linnassa vuosittain, tutustuen sen museoihin ja n\u00e4yttelyihin.<\/p>\n<p style=\"text-align: center;\"><span lang=\"FI\" style=\"margin: 0px; font-family: 'Calibri',sans-serif; font-size: 11pt;\"><b><span style=\"color: #000000;\"><a class=\"maxbutton-10 maxbutton maxbutton-osta-nappi-turunlinna\" target=\"_blank\" rel=\"noopener\" href=\"http:\/\/www.horizont.fi\/en\/tuote\/turun-linna-turku-2017\/\"><span class='mb-text'>SIIRRY OSTAMAAN KUVA<\/span><\/a><\/span><\/b><\/span><\/p>\n<p><img decoding=\"async\" loading=\"lazy\" class=\"aligncenter wp-image-3178 size-full\" src=\"http:\/\/www.horizont.fi\/horizont\/wp-content\/uploads\/2017\/05\/map-turun-linna.jpg\" alt=\"\" width=\"671\" height=\"449\" srcset=\"https:\/\/www.horizont.fi\/horizont\/wp-content\/uploads\/2017\/05\/map-turun-linna.jpg 671w, https:\/\/www.horizont.fi\/horizont\/wp-content\/uploads\/2017\/05\/map-turun-linna-500x335.jpg 500w, https:\/\/www.horizont.fi\/horizont\/wp-content\/uploads\/2017\/05\/map-turun-linna-300x201.jpg 300w, https:\/\/www.horizont.fi\/horizont\/wp-content\/uploads\/2017\/05\/map-turun-linna-272x182.jpg 272w\" sizes=\"(max-width: 671px) 100vw, 671px\" \/><\/p>","protected":false},"excerpt":{"rendered":"<p>Pommituksessa kes\u00e4kuussa 1941 pahoin vaurioitunut Turun linna restauroitiin perusteellisesti sodan j\u00e4lkeen, ty\u00f6 kesti 15 vuotta. Linna avattiin yleis\u00f6lle juhlallisin menoin vuonna 1961, avaajana toimi Tasavallan presidentti Urho Kekkonen.\u00a0Nyky\u00e4\u00e4n yli 100 000 k\u00e4vij\u00e4\u00e4 vierailee linnassa vuosittain, tutustuen sen museoihin ja n\u00e4yttelyihin.<\/p>","protected":false},"author":18,"featured_media":8252,"comment_status":"open","ping_status":"open","sticky":false,"template":"","format":"standard","meta":{"_monsterinsights_skip_tracking":false,"_monsterinsights_sitenote_active":false,"_monsterinsights_sitenote_note":"","_monsterinsights_sitenote_category":0,"footnotes":""},"categories":[1],"tags":[250,153,249],"yoast_head":"<!-- This site is optimized with the Yoast SEO plugin v22.6 - https:\/\/yoast.com\/wordpress\/plugins\/seo\/ -->\n<title>ilmakuva turku<\/title>\n<meta name=\"description\" content=\"Pommituksessa kes\u00e4kuussa 1941 pahoin vaurioitunut Turun linna restauroitiin perusteellisesti sodan j\u00e4lkeen, ty\u00f6 kesti 15 vuotta. Linna avattiin yleis\u00f6lle\" \/>\n<meta name=\"robots\" content=\"index, follow, max-snippet:-1, max-image-preview:large, max-video-preview:-1\" \/>\n<link rel=\"canonical\" href=\"https:\/\/www.horizont.fi\/en\/turun-linna-turku-2017\/\" \/>\n<meta property=\"og:locale\" content=\"en_GB\" \/>\n<meta property=\"og:type\" content=\"article\" \/>\n<meta property=\"og:title\" content=\"ilmakuva turku\" \/>\n<meta property=\"og:description\" content=\"Pommituksessa kes\u00e4kuussa 1941 pahoin vaurioitunut Turun linna restauroitiin perusteellisesti sodan j\u00e4lkeen, ty\u00f6 kesti 15 vuotta. Linna avattiin yleis\u00f6lle\" \/>\n<meta property=\"og:url\" content=\"https:\/\/www.horizont.fi\/en\/turun-linna-turku-2017\/\" \/>\n<meta property=\"og:site_name\" content=\"HORIZONT \u2013 Ilmakuvaus\" \/>\n<meta property=\"article:publisher\" content=\"https:\/\/www.facebook.com\/Horizont.Aerial.Photographers\/\" \/>\n<meta property=\"article:published_time\" content=\"2017-05-02T17:21:47+00:00\" \/>\n<meta property=\"article:modified_time\" content=\"2018-08-19T06:11:05+00:00\" \/>\n<meta property=\"og:image\" content=\"https:\/\/www.horizont.fi\/horizont\/wp-content\/uploads\/2018\/08\/cr4-Horizont_kuva_resized_Turun_linna_Turku_Markus_Sinerv\u00e4.jpg\" \/>\n\t<meta property=\"og:image:width\" content=\"1000\" \/>\n\t<meta property=\"og:image:height\" content=\"695\" \/>\n\t<meta property=\"og:image:type\" content=\"image\/jpeg\" \/>\n<meta name=\"author\" content=\"Arnold\" \/>\n<meta name=\"twitter:card\" content=\"summary_large_image\" \/>\n<meta name=\"twitter:label1\" content=\"Written by\" \/>\n\t<meta name=\"twitter:data1\" content=\"Arnold\" \/>\n<script type=\"application\/ld+json\" class=\"yoast-schema-graph\">{\"@context\":\"https:\/\/schema.org\",\"@graph\":[{\"@type\":\"Article\",\"@id\":\"https:\/\/www.horizont.fi\/turun-linna-turku-2017\/#article\",\"isPartOf\":{\"@id\":\"https:\/\/www.horizont.fi\/turun-linna-turku-2017\/\"},\"author\":{\"name\":\"Arnold\",\"@id\":\"https:\/\/www.horizont.fi\/#\/schema\/person\/4117b41d2ca00dda9ba4d3f64ebd5c32\"},\"headline\":\"TURUN LINNA &#8211; Turku, 2017\",\"datePublished\":\"2017-05-02T17:21:47+00:00\",\"dateModified\":\"2018-08-19T06:11:05+00:00\",\"mainEntityOfPage\":{\"@id\":\"https:\/\/www.horizont.fi\/turun-linna-turku-2017\/\"},\"wordCount\":48,\"commentCount\":0,\"publisher\":{\"@id\":\"https:\/\/www.horizont.fi\/#organization\"},\"image\":{\"@id\":\"https:\/\/www.horizont.fi\/turun-linna-turku-2017\/#primaryimage\"},\"thumbnailUrl\":\"https:\/\/www.horizont.fi\/horizont\/wp-content\/uploads\/2018\/08\/cr4-Horizont_kuva_resized_Turun_linna_Turku_Markus_Sinerv\u00e4.jpg\",\"keywords\":[\"linnoitus\",\"Turku\",\"turun linna\"],\"articleSection\":[\"UUSIMMAT KUVAT\"],\"inLanguage\":\"en-GB\",\"potentialAction\":[{\"@type\":\"CommentAction\",\"name\":\"Comment\",\"target\":[\"https:\/\/www.horizont.fi\/turun-linna-turku-2017\/#respond\"]}]},{\"@type\":\"WebPage\",\"@id\":\"https:\/\/www.horizont.fi\/turun-linna-turku-2017\/\",\"url\":\"https:\/\/www.horizont.fi\/turun-linna-turku-2017\/\",\"name\":\"ilmakuva turku\",\"isPartOf\":{\"@id\":\"https:\/\/www.horizont.fi\/#website\"},\"primaryImageOfPage\":{\"@id\":\"https:\/\/www.horizont.fi\/turun-linna-turku-2017\/#primaryimage\"},\"image\":{\"@id\":\"https:\/\/www.horizont.fi\/turun-linna-turku-2017\/#primaryimage\"},\"thumbnailUrl\":\"https:\/\/www.horizont.fi\/horizont\/wp-content\/uploads\/2018\/08\/cr4-Horizont_kuva_resized_Turun_linna_Turku_Markus_Sinerv\u00e4.jpg\",\"datePublished\":\"2017-05-02T17:21:47+00:00\",\"dateModified\":\"2018-08-19T06:11:05+00:00\",\"description\":\"Pommituksessa kes\u00e4kuussa 1941 pahoin vaurioitunut Turun linna restauroitiin perusteellisesti sodan j\u00e4lkeen, ty\u00f6 kesti 15 vuotta. Linna avattiin yleis\u00f6lle\",\"breadcrumb\":{\"@id\":\"https:\/\/www.horizont.fi\/turun-linna-turku-2017\/#breadcrumb\"},\"inLanguage\":\"en-GB\",\"potentialAction\":[{\"@type\":\"ReadAction\",\"target\":[\"https:\/\/www.horizont.fi\/turun-linna-turku-2017\/\"]}]},{\"@type\":\"ImageObject\",\"inLanguage\":\"en-GB\",\"@id\":\"https:\/\/www.horizont.fi\/turun-linna-turku-2017\/#primaryimage\",\"url\":\"https:\/\/www.horizont.fi\/horizont\/wp-content\/uploads\/2018\/08\/cr4-Horizont_kuva_resized_Turun_linna_Turku_Markus_Sinerv\u00e4.jpg\",\"contentUrl\":\"https:\/\/www.horizont.fi\/horizont\/wp-content\/uploads\/2018\/08\/cr4-Horizont_kuva_resized_Turun_linna_Turku_Markus_Sinerv\u00e4.jpg\",\"width\":1000,\"height\":695,\"caption\":\"DCIM100MEDIADJI_0039.JPG\"},{\"@type\":\"BreadcrumbList\",\"@id\":\"https:\/\/www.horizont.fi\/turun-linna-turku-2017\/#breadcrumb\",\"itemListElement\":[{\"@type\":\"ListItem\",\"position\":1,\"name\":\"Etusivu\",\"item\":\"https:\/\/www.horizont.fi\/\"},{\"@type\":\"ListItem\",\"position\":2,\"name\":\"TURUN LINNA &#8211; Turku, 2017\"}]},{\"@type\":\"WebSite\",\"@id\":\"https:\/\/www.horizont.fi\/#website\",\"url\":\"https:\/\/www.horizont.fi\/\",\"name\":\"HORIZONT \u2013 Ilmakuvaus\",\"description\":\"Lennokkaita kuvia ja videoita\",\"publisher\":{\"@id\":\"https:\/\/www.horizont.fi\/#organization\"},\"potentialAction\":[{\"@type\":\"SearchAction\",\"target\":{\"@type\":\"EntryPoint\",\"urlTemplate\":\"https:\/\/www.horizont.fi\/?s={search_term_string}\"},\"query-input\":\"required name=search_term_string\"}],\"inLanguage\":\"en-GB\"},{\"@type\":\"Organization\",\"@id\":\"https:\/\/www.horizont.fi\/#organization\",\"name\":\"Horizont - Ilmakuvat\",\"url\":\"https:\/\/www.horizont.fi\/\",\"logo\":{\"@type\":\"ImageObject\",\"inLanguage\":\"en-GB\",\"@id\":\"https:\/\/www.horizont.fi\/#\/schema\/logo\/image\/\",\"url\":\"https:\/\/www.horizont.fi\/horizont\/wp-content\/uploads\/2017\/02\/cropped-logo-horizont2-150.png\",\"contentUrl\":\"https:\/\/www.horizont.fi\/horizont\/wp-content\/uploads\/2017\/02\/cropped-logo-horizont2-150.png\",\"width\":136,\"height\":122,\"caption\":\"Horizont - Ilmakuvat\"},\"image\":{\"@id\":\"https:\/\/www.horizont.fi\/#\/schema\/logo\/image\/\"},\"sameAs\":[\"https:\/\/www.facebook.com\/Horizont.Aerial.Photographers\/\",\"https:\/\/www.instagram.com\/horizont.fi\/\",\"https:\/\/www.youtube.com\/channel\/UC_1M_GpRMYCa9dlvKBQdy-g\"]},{\"@type\":\"Person\",\"@id\":\"https:\/\/www.horizont.fi\/#\/schema\/person\/4117b41d2ca00dda9ba4d3f64ebd5c32\",\"name\":\"Arnold\",\"image\":{\"@type\":\"ImageObject\",\"inLanguage\":\"en-GB\",\"@id\":\"https:\/\/www.horizont.fi\/#\/schema\/person\/image\/\",\"url\":\"https:\/\/secure.gravatar.com\/avatar\/01d855234bf99dd28a5abdf2ec0622d9?s=96&d=mm&r=g\",\"contentUrl\":\"https:\/\/secure.gravatar.com\/avatar\/01d855234bf99dd28a5abdf2ec0622d9?s=96&d=mm&r=g\",\"caption\":\"Arnold\"}}]}<\/script>\n<!-- \/ Yoast SEO plugin. -->","yoast_head_json":{"title":"ilmakuva turku","description":"Pommituksessa kes\u00e4kuussa 1941 pahoin vaurioitunut Turun linna restauroitiin perusteellisesti sodan j\u00e4lkeen, ty\u00f6 kesti 15 vuotta. Linna avattiin yleis\u00f6lle","robots":{"index":"index","follow":"follow","max-snippet":"max-snippet:-1","max-image-preview":"max-image-preview:large","max-video-preview":"max-video-preview:-1"},"canonical":"https:\/\/www.horizont.fi\/en\/turun-linna-turku-2017\/","og_locale":"en_GB","og_type":"article","og_title":"ilmakuva turku","og_description":"Pommituksessa kes\u00e4kuussa 1941 pahoin vaurioitunut Turun linna restauroitiin perusteellisesti sodan j\u00e4lkeen, ty\u00f6 kesti 15 vuotta. Linna avattiin yleis\u00f6lle","og_url":"https:\/\/www.horizont.fi\/en\/turun-linna-turku-2017\/","og_site_name":"HORIZONT \u2013 Ilmakuvaus","article_publisher":"https:\/\/www.facebook.com\/Horizont.Aerial.Photographers\/","article_published_time":"2017-05-02T17:21:47+00:00","article_modified_time":"2018-08-19T06:11:05+00:00","og_image":[{"width":1000,"height":695,"url":"https:\/\/www.horizont.fi\/horizont\/wp-content\/uploads\/2018\/08\/cr4-Horizont_kuva_resized_Turun_linna_Turku_Markus_Sinerv\u00e4.jpg","type":"image\/jpeg"}],"author":"Arnold","twitter_card":"summary_large_image","twitter_misc":{"Written by":"Arnold"},"schema":{"@context":"https:\/\/schema.org","@graph":[{"@type":"Article","@id":"https:\/\/www.horizont.fi\/turun-linna-turku-2017\/#article","isPartOf":{"@id":"https:\/\/www.horizont.fi\/turun-linna-turku-2017\/"},"author":{"name":"Arnold","@id":"https:\/\/www.horizont.fi\/#\/schema\/person\/4117b41d2ca00dda9ba4d3f64ebd5c32"},"headline":"TURUN LINNA &#8211; Turku, 2017","datePublished":"2017-05-02T17:21:47+00:00","dateModified":"2018-08-19T06:11:05+00:00","mainEntityOfPage":{"@id":"https:\/\/www.horizont.fi\/turun-linna-turku-2017\/"},"wordCount":48,"commentCount":0,"publisher":{"@id":"https:\/\/www.horizont.fi\/#organization"},"image":{"@id":"https:\/\/www.horizont.fi\/turun-linna-turku-2017\/#primaryimage"},"thumbnailUrl":"https:\/\/www.horizont.fi\/horizont\/wp-content\/uploads\/2018\/08\/cr4-Horizont_kuva_resized_Turun_linna_Turku_Markus_Sinerv\u00e4.jpg","keywords":["linnoitus","Turku","turun linna"],"articleSection":["UUSIMMAT KUVAT"],"inLanguage":"en-GB","potentialAction":[{"@type":"CommentAction","name":"Comment","target":["https:\/\/www.horizont.fi\/turun-linna-turku-2017\/#respond"]}]},{"@type":"WebPage","@id":"https:\/\/www.horizont.fi\/turun-linna-turku-2017\/","url":"https:\/\/www.horizont.fi\/turun-linna-turku-2017\/","name":"ilmakuva turku","isPartOf":{"@id":"https:\/\/www.horizont.fi\/#website"},"primaryImageOfPage":{"@id":"https:\/\/www.horizont.fi\/turun-linna-turku-2017\/#primaryimage"},"image":{"@id":"https:\/\/www.horizont.fi\/turun-linna-turku-2017\/#primaryimage"},"thumbnailUrl":"https:\/\/www.horizont.fi\/horizont\/wp-content\/uploads\/2018\/08\/cr4-Horizont_kuva_resized_Turun_linna_Turku_Markus_Sinerv\u00e4.jpg","datePublished":"2017-05-02T17:21:47+00:00","dateModified":"2018-08-19T06:11:05+00:00","description":"Pommituksessa kes\u00e4kuussa 1941 pahoin vaurioitunut Turun linna restauroitiin perusteellisesti sodan j\u00e4lkeen, ty\u00f6 kesti 15 vuotta. Linna avattiin yleis\u00f6lle","breadcrumb":{"@id":"https:\/\/www.horizont.fi\/turun-linna-turku-2017\/#breadcrumb"},"inLanguage":"en-GB","potentialAction":[{"@type":"ReadAction","target":["https:\/\/www.horizont.fi\/turun-linna-turku-2017\/"]}]},{"@type":"ImageObject","inLanguage":"en-GB","@id":"https:\/\/www.horizont.fi\/turun-linna-turku-2017\/#primaryimage","url":"https:\/\/www.horizont.fi\/horizont\/wp-content\/uploads\/2018\/08\/cr4-Horizont_kuva_resized_Turun_linna_Turku_Markus_Sinerv\u00e4.jpg","contentUrl":"https:\/\/www.horizont.fi\/horizont\/wp-content\/uploads\/2018\/08\/cr4-Horizont_kuva_resized_Turun_linna_Turku_Markus_Sinerv\u00e4.jpg","width":1000,"height":695,"caption":"DCIM100MEDIADJI_0039.JPG"},{"@type":"BreadcrumbList","@id":"https:\/\/www.horizont.fi\/turun-linna-turku-2017\/#breadcrumb","itemListElement":[{"@type":"ListItem","position":1,"name":"Etusivu","item":"https:\/\/www.horizont.fi\/"},{"@type":"ListItem","position":2,"name":"TURUN LINNA &#8211; Turku, 2017"}]},{"@type":"WebSite","@id":"https:\/\/www.horizont.fi\/#website","url":"https:\/\/www.horizont.fi\/","name":"HORIZONT \u2013 Ilmakuvaus","description":"Lennokkaita kuvia ja videoita","publisher":{"@id":"https:\/\/www.horizont.fi\/#organization"},"potentialAction":[{"@type":"SearchAction","target":{"@type":"EntryPoint","urlTemplate":"https:\/\/www.horizont.fi\/?s={search_term_string}"},"query-input":"required name=search_term_string"}],"inLanguage":"en-GB"},{"@type":"Organization","@id":"https:\/\/www.horizont.fi\/#organization","name":"Horizont - Ilmakuvat","url":"https:\/\/www.horizont.fi\/","logo":{"@type":"ImageObject","inLanguage":"en-GB","@id":"https:\/\/www.horizont.fi\/#\/schema\/logo\/image\/","url":"https:\/\/www.horizont.fi\/horizont\/wp-content\/uploads\/2017\/02\/cropped-logo-horizont2-150.png","contentUrl":"https:\/\/www.horizont.fi\/horizont\/wp-content\/uploads\/2017\/02\/cropped-logo-horizont2-150.png","width":136,"height":122,"caption":"Horizont - Ilmakuvat"},"image":{"@id":"https:\/\/www.horizont.fi\/#\/schema\/logo\/image\/"},"sameAs":["https:\/\/www.facebook.com\/Horizont.Aerial.Photographers\/","https:\/\/www.instagram.com\/horizont.fi\/","https:\/\/www.youtube.com\/channel\/UC_1M_GpRMYCa9dlvKBQdy-g"]},{"@type":"Person","@id":"https:\/\/www.horizont.fi\/#\/schema\/person\/4117b41d2ca00dda9ba4d3f64ebd5c32","name":"Arnold","image":{"@type":"ImageObject","inLanguage":"en-GB","@id":"https:\/\/www.horizont.fi\/#\/schema\/person\/image\/","url":"https:\/\/secure.gravatar.com\/avatar\/01d855234bf99dd28a5abdf2ec0622d9?s=96&d=mm&r=g","contentUrl":"https:\/\/secure.gravatar.com\/avatar\/01d855234bf99dd28a5abdf2ec0622d9?s=96&d=mm&r=g","caption":"Arnold"}}]}},"_links":{"self":[{"href":"https:\/\/www.horizont.fi\/en\/wp-json\/wp\/v2\/posts\/3177"}],"collection":[{"href":"https:\/\/www.horizont.fi\/en\/wp-json\/wp\/v2\/posts"}],"about":[{"href":"https:\/\/www.horizont.fi\/en\/wp-json\/wp\/v2\/types\/post"}],"author":[{"embeddable":true,"href":"https:\/\/www.horizont.fi\/en\/wp-json\/wp\/v2\/users\/18"}],"replies":[{"embeddable":true,"href":"https:\/\/www.horizont.fi\/en\/wp-json\/wp\/v2\/comments?post=3177"}],"version-history":[{"count":5,"href":"https:\/\/www.horizont.fi\/en\/wp-json\/wp\/v2\/posts\/3177\/revisions"}],"predecessor-version":[{"id":3203,"href":"https:\/\/www.horizont.fi\/en\/wp-json\/wp\/v2\/posts\/3177\/revisions\/3203"}],"wp:featuredmedia":[{"embeddable":true,"href":"https:\/\/www.horizont.fi\/en\/wp-json\/wp\/v2\/media\/8252"}],"wp:attachment":[{"href":"https:\/\/www.horizont.fi\/en\/wp-json\/wp\/v2\/media?parent=3177"}],"wp:term":[{"taxonomy":"category","embeddable":true,"href":"https:\/\/www.horizont.fi\/en\/wp-json\/wp\/v2\/categories?post=3177"},{"taxonomy":"post_tag","embeddable":true,"href":"https:\/\/www.horizont.fi\/en\/wp-json\/wp\/v2\/tags?post=3177"}],"curies":[{"name":"wp","href":"https:\/\/api.w.org\/{rel}","templated":true}]}}