{"id":3279,"date":"2017-05-08T18:00:54","date_gmt":"2017-05-08T15:00:54","guid":{"rendered":"http:\/\/www.horizont.fi\/?p=3279"},"modified":"2018-08-19T09:02:01","modified_gmt":"2018-08-19T06:02:01","slug":"merihaka-helsinki-52017","status":"publish","type":"post","link":"https:\/\/www.horizont.fi\/en\/merihaka-helsinki-52017\/","title":{"rendered":"MERIHAKA &#8211; Helsinki, 5\/2017"},"content":{"rendered":"<p>Helsingin Merihaka on saanut seist\u00e4 alkuper\u00e4isess\u00e4 asussaan hieman erill\u00e4\u00e4n muusta Hakaniemen asutuksesta valmistumisestaan saakka, yli 40 vuotta. Nyt alue alkaa kuitenkin muuttua melkoisesti kun Laajasaloon kulkevaa uutta Merihaassakin pys\u00e4htyv\u00e4\u00e4 raitiotielinjaa aletaan rakentamaan ja samalla alueen rakennuskantaa tiivistet\u00e4\u00e4n korkeilla kerrostaloilla S\u00f6rn\u00e4isten rantatien alueella. My\u00f6s Merihaan vieress\u00e4 sijaitsevalle entiselle Hanasaaren voimalaitoksen tontille valmistuu paljon uusia kerrostaloasuntoja 2020-luvulla.<\/p>\n<p style=\"text-align: center;\"><span lang=\"FI\"><b><span style=\"color: #000000; font-family: Times New Roman;\"><a class=\"maxbutton-13 maxbutton maxbutton-merihaka-nappi\" target=\"_blank\" rel=\"noopener\" href=\"http:\/\/www.horizont.fi\/en\/product-category\/kylat-kaupungit\/merihaka-helsinki-52017\/\"><span class='mb-text'>SIIRRY OSTAMAAN KUVA<\/span><\/a><\/span><\/b><\/span><\/p>\n<p><img decoding=\"async\" loading=\"lazy\" class=\"aligncenter wp-image-3280 size-full\" src=\"http:\/\/www.horizont.fi\/horizont\/wp-content\/uploads\/2017\/05\/map-merihaka.jpg\" alt=\"\" width=\"767\" height=\"411\" srcset=\"https:\/\/www.horizont.fi\/horizont\/wp-content\/uploads\/2017\/05\/map-merihaka.jpg 767w, https:\/\/www.horizont.fi\/horizont\/wp-content\/uploads\/2017\/05\/map-merihaka-500x268.jpg 500w, https:\/\/www.horizont.fi\/horizont\/wp-content\/uploads\/2017\/05\/map-merihaka-300x161.jpg 300w\" sizes=\"(max-width: 767px) 100vw, 767px\" \/><\/p>","protected":false},"excerpt":{"rendered":"<p>Helsingin Merihaka on saanut seist\u00e4 alkuper\u00e4isess\u00e4 asussaan hieman erill\u00e4\u00e4n muusta Hakaniemen asutuksesta valmistumisestaan saakka, yli 40 vuotta. Nyt alue alkaa kuitenkin muuttua melkoisesti kun Laajasaloon kulkevaa uutta Merihaassakin pys\u00e4htyv\u00e4\u00e4 raitiotielinjaa aletaan rakentamaan ja samalla alueen rakennuskantaa tiivistet\u00e4\u00e4n korkeilla kerrostaloilla S\u00f6rn\u00e4isten rantatien alueella. My\u00f6s Merihaan vieress\u00e4 sijaitsevalle entiselle Hanasaaren voimalaitoksen tontille valmistuu paljon uusia kerrostaloasuntoja 2020-luvulla.<\/p>","protected":false},"author":18,"featured_media":8101,"comment_status":"open","ping_status":"open","sticky":false,"template":"","format":"standard","meta":{"_monsterinsights_skip_tracking":false,"_monsterinsights_sitenote_active":false,"_monsterinsights_sitenote_note":"","_monsterinsights_sitenote_category":0,"footnotes":""},"categories":[1],"tags":[278,166,275,276,277],"yoast_head":"<!-- This site is optimized with the Yoast SEO plugin v22.6 - https:\/\/yoast.com\/wordpress\/plugins\/seo\/ -->\n<title>MERIHAKA - Helsinki, 5\/2017 - HORIZONT \u2013 Ilmakuvaus<\/title>\n<meta name=\"description\" content=\"Helsingin Merihaka on saanut seist\u00e4 alkuper\u00e4isess\u00e4 asussaan hieman erill\u00e4\u00e4n muusta Hakaniemen asutuksesta valmistumisestaan saakka, yli 40 vuotta. Nyt\" \/>\n<meta name=\"robots\" content=\"index, follow, max-snippet:-1, max-image-preview:large, max-video-preview:-1\" \/>\n<link rel=\"canonical\" href=\"https:\/\/www.horizont.fi\/en\/merihaka-helsinki-52017\/\" \/>\n<meta property=\"og:locale\" content=\"en_GB\" \/>\n<meta property=\"og:type\" content=\"article\" \/>\n<meta property=\"og:title\" content=\"MERIHAKA - Helsinki, 5\/2017 - HORIZONT \u2013 Ilmakuvaus\" \/>\n<meta property=\"og:description\" content=\"Helsingin Merihaka on saanut seist\u00e4 alkuper\u00e4isess\u00e4 asussaan hieman erill\u00e4\u00e4n muusta Hakaniemen asutuksesta valmistumisestaan saakka, yli 40 vuotta. Nyt\" \/>\n<meta property=\"og:url\" content=\"https:\/\/www.horizont.fi\/en\/merihaka-helsinki-52017\/\" \/>\n<meta property=\"og:site_name\" content=\"HORIZONT \u2013 Ilmakuvaus\" \/>\n<meta property=\"article:publisher\" content=\"https:\/\/www.facebook.com\/Horizont.Aerial.Photographers\/\" \/>\n<meta property=\"article:published_time\" content=\"2017-05-08T15:00:54+00:00\" \/>\n<meta property=\"article:modified_time\" content=\"2018-08-19T06:02:01+00:00\" \/>\n<meta property=\"og:image\" content=\"https:\/\/www.horizont.fi\/horizont\/wp-content\/uploads\/2018\/08\/cr4-Horizont.fi_Resized_Keilaniemi_Merihaka_kuva_III_Markus_Sinerv\u00e4.jpg\" \/>\n\t<meta property=\"og:image:width\" content=\"788\" \/>\n\t<meta property=\"og:image:height\" content=\"591\" \/>\n\t<meta property=\"og:image:type\" content=\"image\/jpeg\" \/>\n<meta name=\"author\" content=\"Arnold\" \/>\n<meta name=\"twitter:card\" content=\"summary_large_image\" \/>\n<meta name=\"twitter:label1\" content=\"Written by\" \/>\n\t<meta name=\"twitter:data1\" content=\"Arnold\" \/>\n<script type=\"application\/ld+json\" class=\"yoast-schema-graph\">{\"@context\":\"https:\/\/schema.org\",\"@graph\":[{\"@type\":\"Article\",\"@id\":\"https:\/\/www.horizont.fi\/merihaka-helsinki-52017\/#article\",\"isPartOf\":{\"@id\":\"https:\/\/www.horizont.fi\/merihaka-helsinki-52017\/\"},\"author\":{\"name\":\"Arnold\",\"@id\":\"https:\/\/www.horizont.fi\/#\/schema\/person\/4117b41d2ca00dda9ba4d3f64ebd5c32\"},\"headline\":\"MERIHAKA &#8211; Helsinki, 5\/2017\",\"datePublished\":\"2017-05-08T15:00:54+00:00\",\"dateModified\":\"2018-08-19T06:02:01+00:00\",\"mainEntityOfPage\":{\"@id\":\"https:\/\/www.horizont.fi\/merihaka-helsinki-52017\/\"},\"wordCount\":66,\"commentCount\":0,\"publisher\":{\"@id\":\"https:\/\/www.horizont.fi\/#organization\"},\"image\":{\"@id\":\"https:\/\/www.horizont.fi\/merihaka-helsinki-52017\/#primaryimage\"},\"thumbnailUrl\":\"https:\/\/www.horizont.fi\/horizont\/wp-content\/uploads\/2018\/08\/cr4-Horizont.fi_Resized_Keilaniemi_Merihaka_kuva_III_Markus_Sinerv\u00e4.jpg\",\"keywords\":[\"betonil\u00e4hi\u00f6\",\"kerrostalo\",\"merihaka\",\"s\u00f6rn\u00e4inen\",\"s\u00f6rn\u00e4isten rantatie\"],\"articleSection\":[\"UUSIMMAT KUVAT\"],\"inLanguage\":\"en-GB\",\"potentialAction\":[{\"@type\":\"CommentAction\",\"name\":\"Comment\",\"target\":[\"https:\/\/www.horizont.fi\/merihaka-helsinki-52017\/#respond\"]}]},{\"@type\":\"WebPage\",\"@id\":\"https:\/\/www.horizont.fi\/merihaka-helsinki-52017\/\",\"url\":\"https:\/\/www.horizont.fi\/merihaka-helsinki-52017\/\",\"name\":\"MERIHAKA - Helsinki, 5\/2017 - HORIZONT \u2013 Ilmakuvaus\",\"isPartOf\":{\"@id\":\"https:\/\/www.horizont.fi\/#website\"},\"primaryImageOfPage\":{\"@id\":\"https:\/\/www.horizont.fi\/merihaka-helsinki-52017\/#primaryimage\"},\"image\":{\"@id\":\"https:\/\/www.horizont.fi\/merihaka-helsinki-52017\/#primaryimage\"},\"thumbnailUrl\":\"https:\/\/www.horizont.fi\/horizont\/wp-content\/uploads\/2018\/08\/cr4-Horizont.fi_Resized_Keilaniemi_Merihaka_kuva_III_Markus_Sinerv\u00e4.jpg\",\"datePublished\":\"2017-05-08T15:00:54+00:00\",\"dateModified\":\"2018-08-19T06:02:01+00:00\",\"description\":\"Helsingin Merihaka on saanut seist\u00e4 alkuper\u00e4isess\u00e4 asussaan hieman erill\u00e4\u00e4n muusta Hakaniemen asutuksesta valmistumisestaan saakka, yli 40 vuotta. Nyt\",\"breadcrumb\":{\"@id\":\"https:\/\/www.horizont.fi\/merihaka-helsinki-52017\/#breadcrumb\"},\"inLanguage\":\"en-GB\",\"potentialAction\":[{\"@type\":\"ReadAction\",\"target\":[\"https:\/\/www.horizont.fi\/merihaka-helsinki-52017\/\"]}]},{\"@type\":\"ImageObject\",\"inLanguage\":\"en-GB\",\"@id\":\"https:\/\/www.horizont.fi\/merihaka-helsinki-52017\/#primaryimage\",\"url\":\"https:\/\/www.horizont.fi\/horizont\/wp-content\/uploads\/2018\/08\/cr4-Horizont.fi_Resized_Keilaniemi_Merihaka_kuva_III_Markus_Sinerv\u00e4.jpg\",\"contentUrl\":\"https:\/\/www.horizont.fi\/horizont\/wp-content\/uploads\/2018\/08\/cr4-Horizont.fi_Resized_Keilaniemi_Merihaka_kuva_III_Markus_Sinerv\u00e4.jpg\",\"width\":788,\"height\":591,\"caption\":\"ilmakuva kerrostaloalue\"},{\"@type\":\"BreadcrumbList\",\"@id\":\"https:\/\/www.horizont.fi\/merihaka-helsinki-52017\/#breadcrumb\",\"itemListElement\":[{\"@type\":\"ListItem\",\"position\":1,\"name\":\"Etusivu\",\"item\":\"https:\/\/www.horizont.fi\/\"},{\"@type\":\"ListItem\",\"position\":2,\"name\":\"MERIHAKA &#8211; Helsinki, 5\/2017\"}]},{\"@type\":\"WebSite\",\"@id\":\"https:\/\/www.horizont.fi\/#website\",\"url\":\"https:\/\/www.horizont.fi\/\",\"name\":\"HORIZONT \u2013 Ilmakuvaus\",\"description\":\"Lennokkaita kuvia ja videoita\",\"publisher\":{\"@id\":\"https:\/\/www.horizont.fi\/#organization\"},\"potentialAction\":[{\"@type\":\"SearchAction\",\"target\":{\"@type\":\"EntryPoint\",\"urlTemplate\":\"https:\/\/www.horizont.fi\/?s={search_term_string}\"},\"query-input\":\"required name=search_term_string\"}],\"inLanguage\":\"en-GB\"},{\"@type\":\"Organization\",\"@id\":\"https:\/\/www.horizont.fi\/#organization\",\"name\":\"Horizont - Ilmakuvat\",\"url\":\"https:\/\/www.horizont.fi\/\",\"logo\":{\"@type\":\"ImageObject\",\"inLanguage\":\"en-GB\",\"@id\":\"https:\/\/www.horizont.fi\/#\/schema\/logo\/image\/\",\"url\":\"https:\/\/www.horizont.fi\/horizont\/wp-content\/uploads\/2017\/02\/cropped-logo-horizont2-150.png\",\"contentUrl\":\"https:\/\/www.horizont.fi\/horizont\/wp-content\/uploads\/2017\/02\/cropped-logo-horizont2-150.png\",\"width\":136,\"height\":122,\"caption\":\"Horizont - Ilmakuvat\"},\"image\":{\"@id\":\"https:\/\/www.horizont.fi\/#\/schema\/logo\/image\/\"},\"sameAs\":[\"https:\/\/www.facebook.com\/Horizont.Aerial.Photographers\/\",\"https:\/\/www.instagram.com\/horizont.fi\/\",\"https:\/\/www.youtube.com\/channel\/UC_1M_GpRMYCa9dlvKBQdy-g\"]},{\"@type\":\"Person\",\"@id\":\"https:\/\/www.horizont.fi\/#\/schema\/person\/4117b41d2ca00dda9ba4d3f64ebd5c32\",\"name\":\"Arnold\",\"image\":{\"@type\":\"ImageObject\",\"inLanguage\":\"en-GB\",\"@id\":\"https:\/\/www.horizont.fi\/#\/schema\/person\/image\/\",\"url\":\"https:\/\/secure.gravatar.com\/avatar\/01d855234bf99dd28a5abdf2ec0622d9?s=96&d=mm&r=g\",\"contentUrl\":\"https:\/\/secure.gravatar.com\/avatar\/01d855234bf99dd28a5abdf2ec0622d9?s=96&d=mm&r=g\",\"caption\":\"Arnold\"}}]}<\/script>\n<!-- \/ Yoast SEO plugin. -->","yoast_head_json":{"title":"MERIHAKA - Helsinki, 5\/2017 - HORIZONT \u2013 Ilmakuvaus","description":"Helsingin Merihaka on saanut seist\u00e4 alkuper\u00e4isess\u00e4 asussaan hieman erill\u00e4\u00e4n muusta Hakaniemen asutuksesta valmistumisestaan saakka, yli 40 vuotta. Nyt","robots":{"index":"index","follow":"follow","max-snippet":"max-snippet:-1","max-image-preview":"max-image-preview:large","max-video-preview":"max-video-preview:-1"},"canonical":"https:\/\/www.horizont.fi\/en\/merihaka-helsinki-52017\/","og_locale":"en_GB","og_type":"article","og_title":"MERIHAKA - Helsinki, 5\/2017 - HORIZONT \u2013 Ilmakuvaus","og_description":"Helsingin Merihaka on saanut seist\u00e4 alkuper\u00e4isess\u00e4 asussaan hieman erill\u00e4\u00e4n muusta Hakaniemen asutuksesta valmistumisestaan saakka, yli 40 vuotta. Nyt","og_url":"https:\/\/www.horizont.fi\/en\/merihaka-helsinki-52017\/","og_site_name":"HORIZONT \u2013 Ilmakuvaus","article_publisher":"https:\/\/www.facebook.com\/Horizont.Aerial.Photographers\/","article_published_time":"2017-05-08T15:00:54+00:00","article_modified_time":"2018-08-19T06:02:01+00:00","og_image":[{"width":788,"height":591,"url":"https:\/\/www.horizont.fi\/horizont\/wp-content\/uploads\/2018\/08\/cr4-Horizont.fi_Resized_Keilaniemi_Merihaka_kuva_III_Markus_Sinerv\u00e4.jpg","type":"image\/jpeg"}],"author":"Arnold","twitter_card":"summary_large_image","twitter_misc":{"Written by":"Arnold"},"schema":{"@context":"https:\/\/schema.org","@graph":[{"@type":"Article","@id":"https:\/\/www.horizont.fi\/merihaka-helsinki-52017\/#article","isPartOf":{"@id":"https:\/\/www.horizont.fi\/merihaka-helsinki-52017\/"},"author":{"name":"Arnold","@id":"https:\/\/www.horizont.fi\/#\/schema\/person\/4117b41d2ca00dda9ba4d3f64ebd5c32"},"headline":"MERIHAKA &#8211; Helsinki, 5\/2017","datePublished":"2017-05-08T15:00:54+00:00","dateModified":"2018-08-19T06:02:01+00:00","mainEntityOfPage":{"@id":"https:\/\/www.horizont.fi\/merihaka-helsinki-52017\/"},"wordCount":66,"commentCount":0,"publisher":{"@id":"https:\/\/www.horizont.fi\/#organization"},"image":{"@id":"https:\/\/www.horizont.fi\/merihaka-helsinki-52017\/#primaryimage"},"thumbnailUrl":"https:\/\/www.horizont.fi\/horizont\/wp-content\/uploads\/2018\/08\/cr4-Horizont.fi_Resized_Keilaniemi_Merihaka_kuva_III_Markus_Sinerv\u00e4.jpg","keywords":["betonil\u00e4hi\u00f6","kerrostalo","merihaka","s\u00f6rn\u00e4inen","s\u00f6rn\u00e4isten rantatie"],"articleSection":["UUSIMMAT KUVAT"],"inLanguage":"en-GB","potentialAction":[{"@type":"CommentAction","name":"Comment","target":["https:\/\/www.horizont.fi\/merihaka-helsinki-52017\/#respond"]}]},{"@type":"WebPage","@id":"https:\/\/www.horizont.fi\/merihaka-helsinki-52017\/","url":"https:\/\/www.horizont.fi\/merihaka-helsinki-52017\/","name":"MERIHAKA - Helsinki, 5\/2017 - HORIZONT \u2013 Ilmakuvaus","isPartOf":{"@id":"https:\/\/www.horizont.fi\/#website"},"primaryImageOfPage":{"@id":"https:\/\/www.horizont.fi\/merihaka-helsinki-52017\/#primaryimage"},"image":{"@id":"https:\/\/www.horizont.fi\/merihaka-helsinki-52017\/#primaryimage"},"thumbnailUrl":"https:\/\/www.horizont.fi\/horizont\/wp-content\/uploads\/2018\/08\/cr4-Horizont.fi_Resized_Keilaniemi_Merihaka_kuva_III_Markus_Sinerv\u00e4.jpg","datePublished":"2017-05-08T15:00:54+00:00","dateModified":"2018-08-19T06:02:01+00:00","description":"Helsingin Merihaka on saanut seist\u00e4 alkuper\u00e4isess\u00e4 asussaan hieman erill\u00e4\u00e4n muusta Hakaniemen asutuksesta valmistumisestaan saakka, yli 40 vuotta. Nyt","breadcrumb":{"@id":"https:\/\/www.horizont.fi\/merihaka-helsinki-52017\/#breadcrumb"},"inLanguage":"en-GB","potentialAction":[{"@type":"ReadAction","target":["https:\/\/www.horizont.fi\/merihaka-helsinki-52017\/"]}]},{"@type":"ImageObject","inLanguage":"en-GB","@id":"https:\/\/www.horizont.fi\/merihaka-helsinki-52017\/#primaryimage","url":"https:\/\/www.horizont.fi\/horizont\/wp-content\/uploads\/2018\/08\/cr4-Horizont.fi_Resized_Keilaniemi_Merihaka_kuva_III_Markus_Sinerv\u00e4.jpg","contentUrl":"https:\/\/www.horizont.fi\/horizont\/wp-content\/uploads\/2018\/08\/cr4-Horizont.fi_Resized_Keilaniemi_Merihaka_kuva_III_Markus_Sinerv\u00e4.jpg","width":788,"height":591,"caption":"ilmakuva kerrostaloalue"},{"@type":"BreadcrumbList","@id":"https:\/\/www.horizont.fi\/merihaka-helsinki-52017\/#breadcrumb","itemListElement":[{"@type":"ListItem","position":1,"name":"Etusivu","item":"https:\/\/www.horizont.fi\/"},{"@type":"ListItem","position":2,"name":"MERIHAKA &#8211; Helsinki, 5\/2017"}]},{"@type":"WebSite","@id":"https:\/\/www.horizont.fi\/#website","url":"https:\/\/www.horizont.fi\/","name":"HORIZONT \u2013 Ilmakuvaus","description":"Lennokkaita kuvia ja videoita","publisher":{"@id":"https:\/\/www.horizont.fi\/#organization"},"potentialAction":[{"@type":"SearchAction","target":{"@type":"EntryPoint","urlTemplate":"https:\/\/www.horizont.fi\/?s={search_term_string}"},"query-input":"required name=search_term_string"}],"inLanguage":"en-GB"},{"@type":"Organization","@id":"https:\/\/www.horizont.fi\/#organization","name":"Horizont - Ilmakuvat","url":"https:\/\/www.horizont.fi\/","logo":{"@type":"ImageObject","inLanguage":"en-GB","@id":"https:\/\/www.horizont.fi\/#\/schema\/logo\/image\/","url":"https:\/\/www.horizont.fi\/horizont\/wp-content\/uploads\/2017\/02\/cropped-logo-horizont2-150.png","contentUrl":"https:\/\/www.horizont.fi\/horizont\/wp-content\/uploads\/2017\/02\/cropped-logo-horizont2-150.png","width":136,"height":122,"caption":"Horizont - Ilmakuvat"},"image":{"@id":"https:\/\/www.horizont.fi\/#\/schema\/logo\/image\/"},"sameAs":["https:\/\/www.facebook.com\/Horizont.Aerial.Photographers\/","https:\/\/www.instagram.com\/horizont.fi\/","https:\/\/www.youtube.com\/channel\/UC_1M_GpRMYCa9dlvKBQdy-g"]},{"@type":"Person","@id":"https:\/\/www.horizont.fi\/#\/schema\/person\/4117b41d2ca00dda9ba4d3f64ebd5c32","name":"Arnold","image":{"@type":"ImageObject","inLanguage":"en-GB","@id":"https:\/\/www.horizont.fi\/#\/schema\/person\/image\/","url":"https:\/\/secure.gravatar.com\/avatar\/01d855234bf99dd28a5abdf2ec0622d9?s=96&d=mm&r=g","contentUrl":"https:\/\/secure.gravatar.com\/avatar\/01d855234bf99dd28a5abdf2ec0622d9?s=96&d=mm&r=g","caption":"Arnold"}}]}},"_links":{"self":[{"href":"https:\/\/www.horizont.fi\/en\/wp-json\/wp\/v2\/posts\/3279"}],"collection":[{"href":"https:\/\/www.horizont.fi\/en\/wp-json\/wp\/v2\/posts"}],"about":[{"href":"https:\/\/www.horizont.fi\/en\/wp-json\/wp\/v2\/types\/post"}],"author":[{"embeddable":true,"href":"https:\/\/www.horizont.fi\/en\/wp-json\/wp\/v2\/users\/18"}],"replies":[{"embeddable":true,"href":"https:\/\/www.horizont.fi\/en\/wp-json\/wp\/v2\/comments?post=3279"}],"version-history":[{"count":4,"href":"https:\/\/www.horizont.fi\/en\/wp-json\/wp\/v2\/posts\/3279\/revisions"}],"predecessor-version":[{"id":3289,"href":"https:\/\/www.horizont.fi\/en\/wp-json\/wp\/v2\/posts\/3279\/revisions\/3289"}],"wp:featuredmedia":[{"embeddable":true,"href":"https:\/\/www.horizont.fi\/en\/wp-json\/wp\/v2\/media\/8101"}],"wp:attachment":[{"href":"https:\/\/www.horizont.fi\/en\/wp-json\/wp\/v2\/media?parent=3279"}],"wp:term":[{"taxonomy":"category","embeddable":true,"href":"https:\/\/www.horizont.fi\/en\/wp-json\/wp\/v2\/categories?post=3279"},{"taxonomy":"post_tag","embeddable":true,"href":"https:\/\/www.horizont.fi\/en\/wp-json\/wp\/v2\/tags?post=3279"}],"curies":[{"name":"wp","href":"https:\/\/api.w.org\/{rel}","templated":true}]}}