{"id":3565,"date":"2017-05-21T10:43:47","date_gmt":"2017-05-21T07:43:47","guid":{"rendered":"http:\/\/www.horizont.fi\/?p=3565"},"modified":"2018-08-19T08:57:06","modified_gmt":"2018-08-19T05:57:06","slug":"allas-sea-pool-helsinki-52017","status":"publish","type":"post","link":"https:\/\/www.horizont.fi\/en\/allas-sea-pool-helsinki-52017\/","title":{"rendered":"ALLAS SEA POOL &#8211; Helsinki, 5\/2017"},"content":{"rendered":"<p><span lang=\"FI\"><span style=\"color: #000000; font-family: Times New Roman;\">Allas Sea Pool on merikylpyl\u00e4 Helsingin Katajanokalla. Se on auennut t\u00e4ydess\u00e4 mitassaan toukokuussa 2017. Merikylpyl\u00e4ss\u00e4 on kolme meren p\u00e4\u00e4lle rakennettua allasta: lastenallas, l\u00e4mminvesiallas (+27c) ja merivesiallas. Altaat ovat auki ymp\u00e4rivuotisesti. Kokonaisuuteen kuuluu my\u00f6s kahvila, useita saunoja sek\u00e4 ravintola laajoine terasseineen. Alueella j\u00e4rjestet\u00e4\u00e4n my\u00f6s konsertteja, kulttuuritapahtumia sek\u00e4 hyvinvointipalveluita.<\/span><\/span><\/p>\n<p style=\"text-align: center;\"><span lang=\"FI\"><span style=\"color: #000000; font-family: Times New Roman;\"><b><a class=\"maxbutton-17 maxbutton maxbutton-allas-nappi\" target=\"_blank\" rel=\"noopener\" href=\"http:\/\/www.horizont.fi\/en\/product-category\/rakennukset\/allas-sea-pool-helsinki-52017\/\"><span class='mb-text'>SIIRRY OSTAMAAN KUVA<\/span><\/a><\/b> <\/span><\/span><\/p>\n<p><img decoding=\"async\" loading=\"lazy\" class=\"aligncenter wp-image-3566 size-full\" src=\"http:\/\/www.horizont.fi\/horizont\/wp-content\/uploads\/2017\/05\/map-Allas.jpg\" alt=\"\" width=\"659\" height=\"447\" srcset=\"https:\/\/www.horizont.fi\/horizont\/wp-content\/uploads\/2017\/05\/map-Allas.jpg 659w, https:\/\/www.horizont.fi\/horizont\/wp-content\/uploads\/2017\/05\/map-Allas-500x339.jpg 500w, https:\/\/www.horizont.fi\/horizont\/wp-content\/uploads\/2017\/05\/map-Allas-300x203.jpg 300w\" sizes=\"(max-width: 659px) 100vw, 659px\" \/><\/p>\n<p><span lang=\"FI\"><span style=\"color: #000000; font-family: Times New Roman;\">\u00a0<\/span><\/span><span lang=\"FI\"><span style=\"color: #000000; font-family: Times New Roman;\">Kuvaaja: Markus Sinerv\u00e4<\/span><\/span><\/p>","protected":false},"excerpt":{"rendered":"<p>Allas Sea Pool on merikylpyl\u00e4 Helsingin Katajanokalla. Se on auennut t\u00e4ydess\u00e4 mitassaan toukokuussa 2017. Merikylpyl\u00e4ss\u00e4 on kolme meren p\u00e4\u00e4lle rakennettua allasta: lastenallas, l\u00e4mminvesiallas (+27c) ja merivesiallas. Altaat ovat auki ymp\u00e4rivuotisesti. Kokonaisuuteen kuuluu my\u00f6s kahvila, useita saunoja sek\u00e4 ravintola laajoine terasseineen. Alueella j\u00e4rjestet\u00e4\u00e4n my\u00f6s konsertteja, kulttuuritapahtumia sek\u00e4 hyvinvointipalveluita. \u00a0Kuvaaja: Markus Sinerv\u00e4<\/p>","protected":false},"author":18,"featured_media":8188,"comment_status":"open","ping_status":"open","sticky":false,"template":"","format":"standard","meta":{"_monsterinsights_skip_tracking":false,"_monsterinsights_sitenote_active":false,"_monsterinsights_sitenote_note":"","_monsterinsights_sitenote_category":0,"footnotes":""},"categories":[1],"tags":[174,173,329,330],"yoast_head":"<!-- This site is optimized with the Yoast SEO plugin v22.6 - https:\/\/yoast.com\/wordpress\/plugins\/seo\/ -->\n<title>ilmakuva allas sea pool<\/title>\n<meta name=\"description\" content=\"Allas Sea Pool on merikylpyl\u00e4 Helsingin Katajanokalla. Se on auennut t\u00e4ydess\u00e4 mitassaan toukokuussa 2017. Merikylpyl\u00e4ss\u00e4 on kolme meren p\u00e4\u00e4lle rakennettua\" \/>\n<meta name=\"robots\" content=\"index, follow, max-snippet:-1, max-image-preview:large, max-video-preview:-1\" \/>\n<link rel=\"canonical\" href=\"https:\/\/www.horizont.fi\/en\/allas-sea-pool-helsinki-52017\/\" \/>\n<meta property=\"og:locale\" content=\"en_GB\" \/>\n<meta property=\"og:type\" content=\"article\" \/>\n<meta property=\"og:title\" content=\"ilmakuva allas sea pool\" \/>\n<meta property=\"og:description\" content=\"Allas Sea Pool on merikylpyl\u00e4 Helsingin Katajanokalla. Se on auennut t\u00e4ydess\u00e4 mitassaan toukokuussa 2017. Merikylpyl\u00e4ss\u00e4 on kolme meren p\u00e4\u00e4lle rakennettua\" \/>\n<meta property=\"og:url\" content=\"https:\/\/www.horizont.fi\/en\/allas-sea-pool-helsinki-52017\/\" \/>\n<meta property=\"og:site_name\" content=\"HORIZONT \u2013 Ilmakuvaus\" \/>\n<meta property=\"article:publisher\" content=\"https:\/\/www.facebook.com\/Horizont.Aerial.Photographers\/\" \/>\n<meta property=\"article:published_time\" content=\"2017-05-21T07:43:47+00:00\" \/>\n<meta property=\"article:modified_time\" content=\"2018-08-19T05:57:06+00:00\" \/>\n<meta property=\"og:image\" content=\"https:\/\/www.horizont.fi\/horizont\/wp-content\/uploads\/2018\/08\/cr4-Horizont-kuva_Allas_Sea_pool_kuva_I_Reduced_Markus_Sinerv\u00e4.jpg\" \/>\n\t<meta property=\"og:image:width\" content=\"779\" \/>\n\t<meta property=\"og:image:height\" content=\"584\" \/>\n\t<meta property=\"og:image:type\" content=\"image\/jpeg\" \/>\n<meta name=\"author\" content=\"Arnold\" \/>\n<meta name=\"twitter:card\" content=\"summary_large_image\" \/>\n<meta name=\"twitter:label1\" content=\"Written by\" \/>\n\t<meta name=\"twitter:data1\" content=\"Arnold\" \/>\n<script type=\"application\/ld+json\" class=\"yoast-schema-graph\">{\"@context\":\"https:\/\/schema.org\",\"@graph\":[{\"@type\":\"Article\",\"@id\":\"https:\/\/www.horizont.fi\/allas-sea-pool-helsinki-52017\/#article\",\"isPartOf\":{\"@id\":\"https:\/\/www.horizont.fi\/allas-sea-pool-helsinki-52017\/\"},\"author\":{\"name\":\"Arnold\",\"@id\":\"https:\/\/www.horizont.fi\/#\/schema\/person\/4117b41d2ca00dda9ba4d3f64ebd5c32\"},\"headline\":\"ALLAS SEA POOL &#8211; Helsinki, 5\/2017\",\"datePublished\":\"2017-05-21T07:43:47+00:00\",\"dateModified\":\"2018-08-19T05:57:06+00:00\",\"mainEntityOfPage\":{\"@id\":\"https:\/\/www.horizont.fi\/allas-sea-pool-helsinki-52017\/\"},\"wordCount\":65,\"commentCount\":0,\"publisher\":{\"@id\":\"https:\/\/www.horizont.fi\/#organization\"},\"image\":{\"@id\":\"https:\/\/www.horizont.fi\/allas-sea-pool-helsinki-52017\/#primaryimage\"},\"thumbnailUrl\":\"https:\/\/www.horizont.fi\/horizont\/wp-content\/uploads\/2018\/08\/cr4-Horizont-kuva_Allas_Sea_pool_kuva_I_Reduced_Markus_Sinerv\u00e4.jpg\",\"keywords\":[\"Helsinki\",\"katajanokka\",\"meriallas\",\"uima-allas\"],\"articleSection\":[\"UUSIMMAT KUVAT\"],\"inLanguage\":\"en-GB\",\"potentialAction\":[{\"@type\":\"CommentAction\",\"name\":\"Comment\",\"target\":[\"https:\/\/www.horizont.fi\/allas-sea-pool-helsinki-52017\/#respond\"]}]},{\"@type\":\"WebPage\",\"@id\":\"https:\/\/www.horizont.fi\/allas-sea-pool-helsinki-52017\/\",\"url\":\"https:\/\/www.horizont.fi\/allas-sea-pool-helsinki-52017\/\",\"name\":\"ilmakuva allas sea pool\",\"isPartOf\":{\"@id\":\"https:\/\/www.horizont.fi\/#website\"},\"primaryImageOfPage\":{\"@id\":\"https:\/\/www.horizont.fi\/allas-sea-pool-helsinki-52017\/#primaryimage\"},\"image\":{\"@id\":\"https:\/\/www.horizont.fi\/allas-sea-pool-helsinki-52017\/#primaryimage\"},\"thumbnailUrl\":\"https:\/\/www.horizont.fi\/horizont\/wp-content\/uploads\/2018\/08\/cr4-Horizont-kuva_Allas_Sea_pool_kuva_I_Reduced_Markus_Sinerv\u00e4.jpg\",\"datePublished\":\"2017-05-21T07:43:47+00:00\",\"dateModified\":\"2018-08-19T05:57:06+00:00\",\"description\":\"Allas Sea Pool on merikylpyl\u00e4 Helsingin Katajanokalla. Se on auennut t\u00e4ydess\u00e4 mitassaan toukokuussa 2017. Merikylpyl\u00e4ss\u00e4 on kolme meren p\u00e4\u00e4lle rakennettua\",\"breadcrumb\":{\"@id\":\"https:\/\/www.horizont.fi\/allas-sea-pool-helsinki-52017\/#breadcrumb\"},\"inLanguage\":\"en-GB\",\"potentialAction\":[{\"@type\":\"ReadAction\",\"target\":[\"https:\/\/www.horizont.fi\/allas-sea-pool-helsinki-52017\/\"]}]},{\"@type\":\"ImageObject\",\"inLanguage\":\"en-GB\",\"@id\":\"https:\/\/www.horizont.fi\/allas-sea-pool-helsinki-52017\/#primaryimage\",\"url\":\"https:\/\/www.horizont.fi\/horizont\/wp-content\/uploads\/2018\/08\/cr4-Horizont-kuva_Allas_Sea_pool_kuva_I_Reduced_Markus_Sinerv\u00e4.jpg\",\"contentUrl\":\"https:\/\/www.horizont.fi\/horizont\/wp-content\/uploads\/2018\/08\/cr4-Horizont-kuva_Allas_Sea_pool_kuva_I_Reduced_Markus_Sinerv\u00e4.jpg\",\"width\":779,\"height\":584},{\"@type\":\"BreadcrumbList\",\"@id\":\"https:\/\/www.horizont.fi\/allas-sea-pool-helsinki-52017\/#breadcrumb\",\"itemListElement\":[{\"@type\":\"ListItem\",\"position\":1,\"name\":\"Etusivu\",\"item\":\"https:\/\/www.horizont.fi\/\"},{\"@type\":\"ListItem\",\"position\":2,\"name\":\"ALLAS SEA POOL &#8211; Helsinki, 5\/2017\"}]},{\"@type\":\"WebSite\",\"@id\":\"https:\/\/www.horizont.fi\/#website\",\"url\":\"https:\/\/www.horizont.fi\/\",\"name\":\"HORIZONT \u2013 Ilmakuvaus\",\"description\":\"Lennokkaita kuvia ja videoita\",\"publisher\":{\"@id\":\"https:\/\/www.horizont.fi\/#organization\"},\"potentialAction\":[{\"@type\":\"SearchAction\",\"target\":{\"@type\":\"EntryPoint\",\"urlTemplate\":\"https:\/\/www.horizont.fi\/?s={search_term_string}\"},\"query-input\":\"required name=search_term_string\"}],\"inLanguage\":\"en-GB\"},{\"@type\":\"Organization\",\"@id\":\"https:\/\/www.horizont.fi\/#organization\",\"name\":\"Horizont - Ilmakuvat\",\"url\":\"https:\/\/www.horizont.fi\/\",\"logo\":{\"@type\":\"ImageObject\",\"inLanguage\":\"en-GB\",\"@id\":\"https:\/\/www.horizont.fi\/#\/schema\/logo\/image\/\",\"url\":\"https:\/\/www.horizont.fi\/horizont\/wp-content\/uploads\/2017\/02\/cropped-logo-horizont2-150.png\",\"contentUrl\":\"https:\/\/www.horizont.fi\/horizont\/wp-content\/uploads\/2017\/02\/cropped-logo-horizont2-150.png\",\"width\":136,\"height\":122,\"caption\":\"Horizont - Ilmakuvat\"},\"image\":{\"@id\":\"https:\/\/www.horizont.fi\/#\/schema\/logo\/image\/\"},\"sameAs\":[\"https:\/\/www.facebook.com\/Horizont.Aerial.Photographers\/\",\"https:\/\/www.instagram.com\/horizont.fi\/\",\"https:\/\/www.youtube.com\/channel\/UC_1M_GpRMYCa9dlvKBQdy-g\"]},{\"@type\":\"Person\",\"@id\":\"https:\/\/www.horizont.fi\/#\/schema\/person\/4117b41d2ca00dda9ba4d3f64ebd5c32\",\"name\":\"Arnold\",\"image\":{\"@type\":\"ImageObject\",\"inLanguage\":\"en-GB\",\"@id\":\"https:\/\/www.horizont.fi\/#\/schema\/person\/image\/\",\"url\":\"https:\/\/secure.gravatar.com\/avatar\/01d855234bf99dd28a5abdf2ec0622d9?s=96&d=mm&r=g\",\"contentUrl\":\"https:\/\/secure.gravatar.com\/avatar\/01d855234bf99dd28a5abdf2ec0622d9?s=96&d=mm&r=g\",\"caption\":\"Arnold\"}}]}<\/script>\n<!-- \/ Yoast SEO plugin. -->","yoast_head_json":{"title":"ilmakuva allas sea pool","description":"Allas Sea Pool on merikylpyl\u00e4 Helsingin Katajanokalla. Se on auennut t\u00e4ydess\u00e4 mitassaan toukokuussa 2017. Merikylpyl\u00e4ss\u00e4 on kolme meren p\u00e4\u00e4lle rakennettua","robots":{"index":"index","follow":"follow","max-snippet":"max-snippet:-1","max-image-preview":"max-image-preview:large","max-video-preview":"max-video-preview:-1"},"canonical":"https:\/\/www.horizont.fi\/en\/allas-sea-pool-helsinki-52017\/","og_locale":"en_GB","og_type":"article","og_title":"ilmakuva allas sea pool","og_description":"Allas Sea Pool on merikylpyl\u00e4 Helsingin Katajanokalla. Se on auennut t\u00e4ydess\u00e4 mitassaan toukokuussa 2017. Merikylpyl\u00e4ss\u00e4 on kolme meren p\u00e4\u00e4lle rakennettua","og_url":"https:\/\/www.horizont.fi\/en\/allas-sea-pool-helsinki-52017\/","og_site_name":"HORIZONT \u2013 Ilmakuvaus","article_publisher":"https:\/\/www.facebook.com\/Horizont.Aerial.Photographers\/","article_published_time":"2017-05-21T07:43:47+00:00","article_modified_time":"2018-08-19T05:57:06+00:00","og_image":[{"width":779,"height":584,"url":"https:\/\/www.horizont.fi\/horizont\/wp-content\/uploads\/2018\/08\/cr4-Horizont-kuva_Allas_Sea_pool_kuva_I_Reduced_Markus_Sinerv\u00e4.jpg","type":"image\/jpeg"}],"author":"Arnold","twitter_card":"summary_large_image","twitter_misc":{"Written by":"Arnold"},"schema":{"@context":"https:\/\/schema.org","@graph":[{"@type":"Article","@id":"https:\/\/www.horizont.fi\/allas-sea-pool-helsinki-52017\/#article","isPartOf":{"@id":"https:\/\/www.horizont.fi\/allas-sea-pool-helsinki-52017\/"},"author":{"name":"Arnold","@id":"https:\/\/www.horizont.fi\/#\/schema\/person\/4117b41d2ca00dda9ba4d3f64ebd5c32"},"headline":"ALLAS SEA POOL &#8211; Helsinki, 5\/2017","datePublished":"2017-05-21T07:43:47+00:00","dateModified":"2018-08-19T05:57:06+00:00","mainEntityOfPage":{"@id":"https:\/\/www.horizont.fi\/allas-sea-pool-helsinki-52017\/"},"wordCount":65,"commentCount":0,"publisher":{"@id":"https:\/\/www.horizont.fi\/#organization"},"image":{"@id":"https:\/\/www.horizont.fi\/allas-sea-pool-helsinki-52017\/#primaryimage"},"thumbnailUrl":"https:\/\/www.horizont.fi\/horizont\/wp-content\/uploads\/2018\/08\/cr4-Horizont-kuva_Allas_Sea_pool_kuva_I_Reduced_Markus_Sinerv\u00e4.jpg","keywords":["Helsinki","katajanokka","meriallas","uima-allas"],"articleSection":["UUSIMMAT KUVAT"],"inLanguage":"en-GB","potentialAction":[{"@type":"CommentAction","name":"Comment","target":["https:\/\/www.horizont.fi\/allas-sea-pool-helsinki-52017\/#respond"]}]},{"@type":"WebPage","@id":"https:\/\/www.horizont.fi\/allas-sea-pool-helsinki-52017\/","url":"https:\/\/www.horizont.fi\/allas-sea-pool-helsinki-52017\/","name":"ilmakuva allas sea pool","isPartOf":{"@id":"https:\/\/www.horizont.fi\/#website"},"primaryImageOfPage":{"@id":"https:\/\/www.horizont.fi\/allas-sea-pool-helsinki-52017\/#primaryimage"},"image":{"@id":"https:\/\/www.horizont.fi\/allas-sea-pool-helsinki-52017\/#primaryimage"},"thumbnailUrl":"https:\/\/www.horizont.fi\/horizont\/wp-content\/uploads\/2018\/08\/cr4-Horizont-kuva_Allas_Sea_pool_kuva_I_Reduced_Markus_Sinerv\u00e4.jpg","datePublished":"2017-05-21T07:43:47+00:00","dateModified":"2018-08-19T05:57:06+00:00","description":"Allas Sea Pool on merikylpyl\u00e4 Helsingin Katajanokalla. Se on auennut t\u00e4ydess\u00e4 mitassaan toukokuussa 2017. Merikylpyl\u00e4ss\u00e4 on kolme meren p\u00e4\u00e4lle rakennettua","breadcrumb":{"@id":"https:\/\/www.horizont.fi\/allas-sea-pool-helsinki-52017\/#breadcrumb"},"inLanguage":"en-GB","potentialAction":[{"@type":"ReadAction","target":["https:\/\/www.horizont.fi\/allas-sea-pool-helsinki-52017\/"]}]},{"@type":"ImageObject","inLanguage":"en-GB","@id":"https:\/\/www.horizont.fi\/allas-sea-pool-helsinki-52017\/#primaryimage","url":"https:\/\/www.horizont.fi\/horizont\/wp-content\/uploads\/2018\/08\/cr4-Horizont-kuva_Allas_Sea_pool_kuva_I_Reduced_Markus_Sinerv\u00e4.jpg","contentUrl":"https:\/\/www.horizont.fi\/horizont\/wp-content\/uploads\/2018\/08\/cr4-Horizont-kuva_Allas_Sea_pool_kuva_I_Reduced_Markus_Sinerv\u00e4.jpg","width":779,"height":584},{"@type":"BreadcrumbList","@id":"https:\/\/www.horizont.fi\/allas-sea-pool-helsinki-52017\/#breadcrumb","itemListElement":[{"@type":"ListItem","position":1,"name":"Etusivu","item":"https:\/\/www.horizont.fi\/"},{"@type":"ListItem","position":2,"name":"ALLAS SEA POOL &#8211; Helsinki, 5\/2017"}]},{"@type":"WebSite","@id":"https:\/\/www.horizont.fi\/#website","url":"https:\/\/www.horizont.fi\/","name":"HORIZONT \u2013 Ilmakuvaus","description":"Lennokkaita kuvia ja videoita","publisher":{"@id":"https:\/\/www.horizont.fi\/#organization"},"potentialAction":[{"@type":"SearchAction","target":{"@type":"EntryPoint","urlTemplate":"https:\/\/www.horizont.fi\/?s={search_term_string}"},"query-input":"required name=search_term_string"}],"inLanguage":"en-GB"},{"@type":"Organization","@id":"https:\/\/www.horizont.fi\/#organization","name":"Horizont - Ilmakuvat","url":"https:\/\/www.horizont.fi\/","logo":{"@type":"ImageObject","inLanguage":"en-GB","@id":"https:\/\/www.horizont.fi\/#\/schema\/logo\/image\/","url":"https:\/\/www.horizont.fi\/horizont\/wp-content\/uploads\/2017\/02\/cropped-logo-horizont2-150.png","contentUrl":"https:\/\/www.horizont.fi\/horizont\/wp-content\/uploads\/2017\/02\/cropped-logo-horizont2-150.png","width":136,"height":122,"caption":"Horizont - Ilmakuvat"},"image":{"@id":"https:\/\/www.horizont.fi\/#\/schema\/logo\/image\/"},"sameAs":["https:\/\/www.facebook.com\/Horizont.Aerial.Photographers\/","https:\/\/www.instagram.com\/horizont.fi\/","https:\/\/www.youtube.com\/channel\/UC_1M_GpRMYCa9dlvKBQdy-g"]},{"@type":"Person","@id":"https:\/\/www.horizont.fi\/#\/schema\/person\/4117b41d2ca00dda9ba4d3f64ebd5c32","name":"Arnold","image":{"@type":"ImageObject","inLanguage":"en-GB","@id":"https:\/\/www.horizont.fi\/#\/schema\/person\/image\/","url":"https:\/\/secure.gravatar.com\/avatar\/01d855234bf99dd28a5abdf2ec0622d9?s=96&d=mm&r=g","contentUrl":"https:\/\/secure.gravatar.com\/avatar\/01d855234bf99dd28a5abdf2ec0622d9?s=96&d=mm&r=g","caption":"Arnold"}}]}},"_links":{"self":[{"href":"https:\/\/www.horizont.fi\/en\/wp-json\/wp\/v2\/posts\/3565"}],"collection":[{"href":"https:\/\/www.horizont.fi\/en\/wp-json\/wp\/v2\/posts"}],"about":[{"href":"https:\/\/www.horizont.fi\/en\/wp-json\/wp\/v2\/types\/post"}],"author":[{"embeddable":true,"href":"https:\/\/www.horizont.fi\/en\/wp-json\/wp\/v2\/users\/18"}],"replies":[{"embeddable":true,"href":"https:\/\/www.horizont.fi\/en\/wp-json\/wp\/v2\/comments?post=3565"}],"version-history":[{"count":2,"href":"https:\/\/www.horizont.fi\/en\/wp-json\/wp\/v2\/posts\/3565\/revisions"}],"predecessor-version":[{"id":3569,"href":"https:\/\/www.horizont.fi\/en\/wp-json\/wp\/v2\/posts\/3565\/revisions\/3569"}],"wp:featuredmedia":[{"embeddable":true,"href":"https:\/\/www.horizont.fi\/en\/wp-json\/wp\/v2\/media\/8188"}],"wp:attachment":[{"href":"https:\/\/www.horizont.fi\/en\/wp-json\/wp\/v2\/media?parent=3565"}],"wp:term":[{"taxonomy":"category","embeddable":true,"href":"https:\/\/www.horizont.fi\/en\/wp-json\/wp\/v2\/categories?post=3565"},{"taxonomy":"post_tag","embeddable":true,"href":"https:\/\/www.horizont.fi\/en\/wp-json\/wp\/v2\/tags?post=3565"}],"curies":[{"name":"wp","href":"https:\/\/api.w.org\/{rel}","templated":true}]}}