{"id":3936,"date":"2017-06-02T19:52:19","date_gmt":"2017-06-02T16:52:19","guid":{"rendered":"http:\/\/www.horizont.fi\/?p=3936"},"modified":"2018-08-19T08:41:28","modified_gmt":"2018-08-19T05:41:28","slug":"musiikkitalo-helsinki-52017","status":"publish","type":"post","link":"https:\/\/www.horizont.fi\/en\/musiikkitalo-helsinki-52017\/","title":{"rendered":"MUSIIKKITALO &#8211; Helsinki, 5\/2017"},"content":{"rendered":"<p>Musiikkitalo valmistui Helsinkiin Eduskuntataloa vastap\u00e4\u00e4t\u00e4 vuonna 2011. Talon avajaisten ensimm\u00e4i-sen\u00e4 numerona soitettiin Jean Sibeliuksen Finlandia. Rakennuksen p\u00e4\u00e4k\u00e4ytt\u00e4ji\u00e4 ovat Sibelius-Akatemia, Helsingin kaupunginorkesteri ja Radion sinfoniaorkesteri, joista kukin pit\u00e4\u00e4 siell\u00e4 vuosittain 40\u201350 kon-serttia. Rakennuksessa on 1704-paikkainen p\u00e4\u00e4sali, joka on akustiikaltaan kehuttu. Siin\u00e4 on my\u00f6s viisi 140\u2013300-paikkaista pient\u00e4 konserttisalia, auditorio ja Sibelius-Akatemian opetustiloja. Lis\u00e4ksi talossa on kahvila, ravintola, kirjasto sek\u00e4 muita toimintatiloja. Talon julkisivu on lasia ja vihre\u00e4ksi k\u00e4sitelty\u00e4 kuparia.<\/p>\n<p style=\"text-align: center;\"><b><a class=\"maxbutton-25 maxbutton maxbutton-nappi-musiikkitalo\" href=\"http:\/\/www.horizont.fi\/en\/product-category\/rakennukset\/musiikkitalo-helsinki-52017\/\"><span class='mb-text'>SIIRRY OSTAMAAN KUVA<\/span><\/a><\/b><\/p>\n<p style=\"text-align: center;\"><b><img decoding=\"async\" loading=\"lazy\" class=\"aligncenter wp-image-3941 size-full\" src=\"http:\/\/www.horizont.fi\/horizont\/wp-content\/uploads\/2017\/06\/map-musiikkitalo-1.jpg\" alt=\"\" width=\"561\" height=\"531\" srcset=\"https:\/\/www.horizont.fi\/horizont\/wp-content\/uploads\/2017\/06\/map-musiikkitalo-1.jpg 561w, https:\/\/www.horizont.fi\/horizont\/wp-content\/uploads\/2017\/06\/map-musiikkitalo-1-500x473.jpg 500w, https:\/\/www.horizont.fi\/horizont\/wp-content\/uploads\/2017\/06\/map-musiikkitalo-1-300x284.jpg 300w\" sizes=\"(max-width: 561px) 100vw, 561px\" \/><\/b><\/p>\n<p>&nbsp;<\/p>\n<p>Kuva: Markus Sinerv\u00e4<\/p>","protected":false},"excerpt":{"rendered":"<p>Musiikkitalo valmistui Helsinkiin Eduskuntataloa vastap\u00e4\u00e4t\u00e4 vuonna 2011. Talon avajaisten ensimm\u00e4i-sen\u00e4 numerona soitettiin Jean Sibeliuksen Finlandia. Rakennuksen p\u00e4\u00e4k\u00e4ytt\u00e4ji\u00e4 ovat Sibelius-Akatemia, Helsingin kaupunginorkesteri ja Radion sinfoniaorkesteri, joista kukin pit\u00e4\u00e4 siell\u00e4 vuosittain 40\u201350 kon-serttia. Rakennuksessa on 1704-paikkainen p\u00e4\u00e4sali, joka on akustiikaltaan kehuttu. Siin\u00e4 on my\u00f6s viisi 140\u2013300-paikkaista pient\u00e4 konserttisalia, auditorio ja Sibelius-Akatemian opetustiloja. Lis\u00e4ksi talossa on kahvila, ravintola, [&hellip;]<\/p>","protected":false},"author":18,"featured_media":8072,"comment_status":"open","ping_status":"open","sticky":false,"template":"","format":"standard","meta":{"_monsterinsights_skip_tracking":false,"_monsterinsights_sitenote_active":false,"_monsterinsights_sitenote_note":"","_monsterinsights_sitenote_category":0,"footnotes":""},"categories":[1],"tags":[379,507,342,378,532,343,530,531],"yoast_head":"<!-- This site is optimized with the Yoast SEO plugin v22.6 - https:\/\/yoast.com\/wordpress\/plugins\/seo\/ -->\n<title>MUSIIKKITALO - Helsinki, 5\/2017 - HORIZONT \u2013 Ilmakuvaus<\/title>\n<meta name=\"description\" content=\"Musiikkitalo valmistui Helsinkiin Eduskuntataloa vastap\u00e4\u00e4t\u00e4 vuonna 2011. Talon avajaisten ensimm\u00e4i-sen\u00e4 numerona soitettiin Jean Sibeliuksen Finlandia.\" \/>\n<meta name=\"robots\" content=\"index, follow, max-snippet:-1, max-image-preview:large, max-video-preview:-1\" \/>\n<link rel=\"canonical\" href=\"https:\/\/www.horizont.fi\/en\/musiikkitalo-helsinki-52017\/\" \/>\n<meta property=\"og:locale\" content=\"en_GB\" \/>\n<meta property=\"og:type\" content=\"article\" \/>\n<meta property=\"og:title\" content=\"MUSIIKKITALO - Helsinki, 5\/2017 - HORIZONT \u2013 Ilmakuvaus\" \/>\n<meta property=\"og:description\" content=\"Musiikkitalo valmistui Helsinkiin Eduskuntataloa vastap\u00e4\u00e4t\u00e4 vuonna 2011. Talon avajaisten ensimm\u00e4i-sen\u00e4 numerona soitettiin Jean Sibeliuksen Finlandia.\" \/>\n<meta property=\"og:url\" content=\"https:\/\/www.horizont.fi\/en\/musiikkitalo-helsinki-52017\/\" \/>\n<meta property=\"og:site_name\" content=\"HORIZONT \u2013 Ilmakuvaus\" \/>\n<meta property=\"article:publisher\" content=\"https:\/\/www.facebook.com\/Horizont.Aerial.Photographers\/\" \/>\n<meta property=\"article:published_time\" content=\"2017-06-02T16:52:19+00:00\" \/>\n<meta property=\"article:modified_time\" content=\"2018-08-19T05:41:28+00:00\" \/>\n<meta property=\"og:image\" content=\"https:\/\/www.horizont.fi\/horizont\/wp-content\/uploads\/2018\/08\/cr4-Horizont.fi_Resized_musiikkitalo_kuva_I_Markus_Sinerv\u00e4.jpg\" \/>\n\t<meta property=\"og:image:width\" content=\"788\" \/>\n\t<meta property=\"og:image:height\" content=\"591\" \/>\n\t<meta property=\"og:image:type\" content=\"image\/jpeg\" \/>\n<meta name=\"author\" content=\"Arnold\" \/>\n<meta name=\"twitter:card\" content=\"summary_large_image\" \/>\n<meta name=\"twitter:label1\" content=\"Written by\" \/>\n\t<meta name=\"twitter:data1\" content=\"Arnold\" \/>\n<script type=\"application\/ld+json\" class=\"yoast-schema-graph\">{\"@context\":\"https:\/\/schema.org\",\"@graph\":[{\"@type\":\"Article\",\"@id\":\"https:\/\/www.horizont.fi\/musiikkitalo-helsinki-52017\/#article\",\"isPartOf\":{\"@id\":\"https:\/\/www.horizont.fi\/musiikkitalo-helsinki-52017\/\"},\"author\":{\"name\":\"Arnold\",\"@id\":\"https:\/\/www.horizont.fi\/#\/schema\/person\/4117b41d2ca00dda9ba4d3f64ebd5c32\"},\"headline\":\"MUSIIKKITALO &#8211; Helsinki, 5\/2017\",\"datePublished\":\"2017-06-02T16:52:19+00:00\",\"dateModified\":\"2018-08-19T05:41:28+00:00\",\"mainEntityOfPage\":{\"@id\":\"https:\/\/www.horizont.fi\/musiikkitalo-helsinki-52017\/\"},\"wordCount\":84,\"commentCount\":0,\"publisher\":{\"@id\":\"https:\/\/www.horizont.fi\/#organization\"},\"image\":{\"@id\":\"https:\/\/www.horizont.fi\/musiikkitalo-helsinki-52017\/#primaryimage\"},\"thumbnailUrl\":\"https:\/\/www.horizont.fi\/horizont\/wp-content\/uploads\/2018\/08\/cr4-Horizont.fi_Resized_musiikkitalo_kuva_I_Markus_Sinerv\u00e4.jpg\",\"keywords\":[\"air photo\",\"drone\",\"ilmakuva\",\"ilmakuvaus\",\"kamerakopteri\",\"markus sinerv\u00e4\",\"musiikkitalo\",\"t\u00f6\u00f6l\u00f6nlahti\"],\"articleSection\":[\"UUSIMMAT KUVAT\"],\"inLanguage\":\"en-GB\",\"potentialAction\":[{\"@type\":\"CommentAction\",\"name\":\"Comment\",\"target\":[\"https:\/\/www.horizont.fi\/musiikkitalo-helsinki-52017\/#respond\"]}]},{\"@type\":\"WebPage\",\"@id\":\"https:\/\/www.horizont.fi\/musiikkitalo-helsinki-52017\/\",\"url\":\"https:\/\/www.horizont.fi\/musiikkitalo-helsinki-52017\/\",\"name\":\"MUSIIKKITALO - Helsinki, 5\/2017 - HORIZONT \u2013 Ilmakuvaus\",\"isPartOf\":{\"@id\":\"https:\/\/www.horizont.fi\/#website\"},\"primaryImageOfPage\":{\"@id\":\"https:\/\/www.horizont.fi\/musiikkitalo-helsinki-52017\/#primaryimage\"},\"image\":{\"@id\":\"https:\/\/www.horizont.fi\/musiikkitalo-helsinki-52017\/#primaryimage\"},\"thumbnailUrl\":\"https:\/\/www.horizont.fi\/horizont\/wp-content\/uploads\/2018\/08\/cr4-Horizont.fi_Resized_musiikkitalo_kuva_I_Markus_Sinerv\u00e4.jpg\",\"datePublished\":\"2017-06-02T16:52:19+00:00\",\"dateModified\":\"2018-08-19T05:41:28+00:00\",\"description\":\"Musiikkitalo valmistui Helsinkiin Eduskuntataloa vastap\u00e4\u00e4t\u00e4 vuonna 2011. Talon avajaisten ensimm\u00e4i-sen\u00e4 numerona soitettiin Jean Sibeliuksen Finlandia.\",\"breadcrumb\":{\"@id\":\"https:\/\/www.horizont.fi\/musiikkitalo-helsinki-52017\/#breadcrumb\"},\"inLanguage\":\"en-GB\",\"potentialAction\":[{\"@type\":\"ReadAction\",\"target\":[\"https:\/\/www.horizont.fi\/musiikkitalo-helsinki-52017\/\"]}]},{\"@type\":\"ImageObject\",\"inLanguage\":\"en-GB\",\"@id\":\"https:\/\/www.horizont.fi\/musiikkitalo-helsinki-52017\/#primaryimage\",\"url\":\"https:\/\/www.horizont.fi\/horizont\/wp-content\/uploads\/2018\/08\/cr4-Horizont.fi_Resized_musiikkitalo_kuva_I_Markus_Sinerv\u00e4.jpg\",\"contentUrl\":\"https:\/\/www.horizont.fi\/horizont\/wp-content\/uploads\/2018\/08\/cr4-Horizont.fi_Resized_musiikkitalo_kuva_I_Markus_Sinerv\u00e4.jpg\",\"width\":788,\"height\":591,\"caption\":\"ilmakuva t\u00f6\u00f6l\u00f6nlahti konserttitalo\"},{\"@type\":\"BreadcrumbList\",\"@id\":\"https:\/\/www.horizont.fi\/musiikkitalo-helsinki-52017\/#breadcrumb\",\"itemListElement\":[{\"@type\":\"ListItem\",\"position\":1,\"name\":\"Etusivu\",\"item\":\"https:\/\/www.horizont.fi\/\"},{\"@type\":\"ListItem\",\"position\":2,\"name\":\"MUSIIKKITALO &#8211; Helsinki, 5\/2017\"}]},{\"@type\":\"WebSite\",\"@id\":\"https:\/\/www.horizont.fi\/#website\",\"url\":\"https:\/\/www.horizont.fi\/\",\"name\":\"HORIZONT \u2013 Ilmakuvaus\",\"description\":\"Lennokkaita kuvia ja videoita\",\"publisher\":{\"@id\":\"https:\/\/www.horizont.fi\/#organization\"},\"potentialAction\":[{\"@type\":\"SearchAction\",\"target\":{\"@type\":\"EntryPoint\",\"urlTemplate\":\"https:\/\/www.horizont.fi\/?s={search_term_string}\"},\"query-input\":\"required name=search_term_string\"}],\"inLanguage\":\"en-GB\"},{\"@type\":\"Organization\",\"@id\":\"https:\/\/www.horizont.fi\/#organization\",\"name\":\"Horizont - Ilmakuvat\",\"url\":\"https:\/\/www.horizont.fi\/\",\"logo\":{\"@type\":\"ImageObject\",\"inLanguage\":\"en-GB\",\"@id\":\"https:\/\/www.horizont.fi\/#\/schema\/logo\/image\/\",\"url\":\"https:\/\/www.horizont.fi\/horizont\/wp-content\/uploads\/2017\/02\/cropped-logo-horizont2-150.png\",\"contentUrl\":\"https:\/\/www.horizont.fi\/horizont\/wp-content\/uploads\/2017\/02\/cropped-logo-horizont2-150.png\",\"width\":136,\"height\":122,\"caption\":\"Horizont - Ilmakuvat\"},\"image\":{\"@id\":\"https:\/\/www.horizont.fi\/#\/schema\/logo\/image\/\"},\"sameAs\":[\"https:\/\/www.facebook.com\/Horizont.Aerial.Photographers\/\",\"https:\/\/www.instagram.com\/horizont.fi\/\",\"https:\/\/www.youtube.com\/channel\/UC_1M_GpRMYCa9dlvKBQdy-g\"]},{\"@type\":\"Person\",\"@id\":\"https:\/\/www.horizont.fi\/#\/schema\/person\/4117b41d2ca00dda9ba4d3f64ebd5c32\",\"name\":\"Arnold\",\"image\":{\"@type\":\"ImageObject\",\"inLanguage\":\"en-GB\",\"@id\":\"https:\/\/www.horizont.fi\/#\/schema\/person\/image\/\",\"url\":\"https:\/\/secure.gravatar.com\/avatar\/01d855234bf99dd28a5abdf2ec0622d9?s=96&d=mm&r=g\",\"contentUrl\":\"https:\/\/secure.gravatar.com\/avatar\/01d855234bf99dd28a5abdf2ec0622d9?s=96&d=mm&r=g\",\"caption\":\"Arnold\"}}]}<\/script>\n<!-- \/ Yoast SEO plugin. -->","yoast_head_json":{"title":"MUSIIKKITALO - Helsinki, 5\/2017 - HORIZONT \u2013 Ilmakuvaus","description":"Musiikkitalo valmistui Helsinkiin Eduskuntataloa vastap\u00e4\u00e4t\u00e4 vuonna 2011. Talon avajaisten ensimm\u00e4i-sen\u00e4 numerona soitettiin Jean Sibeliuksen Finlandia.","robots":{"index":"index","follow":"follow","max-snippet":"max-snippet:-1","max-image-preview":"max-image-preview:large","max-video-preview":"max-video-preview:-1"},"canonical":"https:\/\/www.horizont.fi\/en\/musiikkitalo-helsinki-52017\/","og_locale":"en_GB","og_type":"article","og_title":"MUSIIKKITALO - Helsinki, 5\/2017 - HORIZONT \u2013 Ilmakuvaus","og_description":"Musiikkitalo valmistui Helsinkiin Eduskuntataloa vastap\u00e4\u00e4t\u00e4 vuonna 2011. Talon avajaisten ensimm\u00e4i-sen\u00e4 numerona soitettiin Jean Sibeliuksen Finlandia.","og_url":"https:\/\/www.horizont.fi\/en\/musiikkitalo-helsinki-52017\/","og_site_name":"HORIZONT \u2013 Ilmakuvaus","article_publisher":"https:\/\/www.facebook.com\/Horizont.Aerial.Photographers\/","article_published_time":"2017-06-02T16:52:19+00:00","article_modified_time":"2018-08-19T05:41:28+00:00","og_image":[{"width":788,"height":591,"url":"https:\/\/www.horizont.fi\/horizont\/wp-content\/uploads\/2018\/08\/cr4-Horizont.fi_Resized_musiikkitalo_kuva_I_Markus_Sinerv\u00e4.jpg","type":"image\/jpeg"}],"author":"Arnold","twitter_card":"summary_large_image","twitter_misc":{"Written by":"Arnold"},"schema":{"@context":"https:\/\/schema.org","@graph":[{"@type":"Article","@id":"https:\/\/www.horizont.fi\/musiikkitalo-helsinki-52017\/#article","isPartOf":{"@id":"https:\/\/www.horizont.fi\/musiikkitalo-helsinki-52017\/"},"author":{"name":"Arnold","@id":"https:\/\/www.horizont.fi\/#\/schema\/person\/4117b41d2ca00dda9ba4d3f64ebd5c32"},"headline":"MUSIIKKITALO &#8211; Helsinki, 5\/2017","datePublished":"2017-06-02T16:52:19+00:00","dateModified":"2018-08-19T05:41:28+00:00","mainEntityOfPage":{"@id":"https:\/\/www.horizont.fi\/musiikkitalo-helsinki-52017\/"},"wordCount":84,"commentCount":0,"publisher":{"@id":"https:\/\/www.horizont.fi\/#organization"},"image":{"@id":"https:\/\/www.horizont.fi\/musiikkitalo-helsinki-52017\/#primaryimage"},"thumbnailUrl":"https:\/\/www.horizont.fi\/horizont\/wp-content\/uploads\/2018\/08\/cr4-Horizont.fi_Resized_musiikkitalo_kuva_I_Markus_Sinerv\u00e4.jpg","keywords":["air photo","drone","ilmakuva","ilmakuvaus","kamerakopteri","markus sinerv\u00e4","musiikkitalo","t\u00f6\u00f6l\u00f6nlahti"],"articleSection":["UUSIMMAT KUVAT"],"inLanguage":"en-GB","potentialAction":[{"@type":"CommentAction","name":"Comment","target":["https:\/\/www.horizont.fi\/musiikkitalo-helsinki-52017\/#respond"]}]},{"@type":"WebPage","@id":"https:\/\/www.horizont.fi\/musiikkitalo-helsinki-52017\/","url":"https:\/\/www.horizont.fi\/musiikkitalo-helsinki-52017\/","name":"MUSIIKKITALO - Helsinki, 5\/2017 - HORIZONT \u2013 Ilmakuvaus","isPartOf":{"@id":"https:\/\/www.horizont.fi\/#website"},"primaryImageOfPage":{"@id":"https:\/\/www.horizont.fi\/musiikkitalo-helsinki-52017\/#primaryimage"},"image":{"@id":"https:\/\/www.horizont.fi\/musiikkitalo-helsinki-52017\/#primaryimage"},"thumbnailUrl":"https:\/\/www.horizont.fi\/horizont\/wp-content\/uploads\/2018\/08\/cr4-Horizont.fi_Resized_musiikkitalo_kuva_I_Markus_Sinerv\u00e4.jpg","datePublished":"2017-06-02T16:52:19+00:00","dateModified":"2018-08-19T05:41:28+00:00","description":"Musiikkitalo valmistui Helsinkiin Eduskuntataloa vastap\u00e4\u00e4t\u00e4 vuonna 2011. Talon avajaisten ensimm\u00e4i-sen\u00e4 numerona soitettiin Jean Sibeliuksen Finlandia.","breadcrumb":{"@id":"https:\/\/www.horizont.fi\/musiikkitalo-helsinki-52017\/#breadcrumb"},"inLanguage":"en-GB","potentialAction":[{"@type":"ReadAction","target":["https:\/\/www.horizont.fi\/musiikkitalo-helsinki-52017\/"]}]},{"@type":"ImageObject","inLanguage":"en-GB","@id":"https:\/\/www.horizont.fi\/musiikkitalo-helsinki-52017\/#primaryimage","url":"https:\/\/www.horizont.fi\/horizont\/wp-content\/uploads\/2018\/08\/cr4-Horizont.fi_Resized_musiikkitalo_kuva_I_Markus_Sinerv\u00e4.jpg","contentUrl":"https:\/\/www.horizont.fi\/horizont\/wp-content\/uploads\/2018\/08\/cr4-Horizont.fi_Resized_musiikkitalo_kuva_I_Markus_Sinerv\u00e4.jpg","width":788,"height":591,"caption":"ilmakuva t\u00f6\u00f6l\u00f6nlahti konserttitalo"},{"@type":"BreadcrumbList","@id":"https:\/\/www.horizont.fi\/musiikkitalo-helsinki-52017\/#breadcrumb","itemListElement":[{"@type":"ListItem","position":1,"name":"Etusivu","item":"https:\/\/www.horizont.fi\/"},{"@type":"ListItem","position":2,"name":"MUSIIKKITALO &#8211; Helsinki, 5\/2017"}]},{"@type":"WebSite","@id":"https:\/\/www.horizont.fi\/#website","url":"https:\/\/www.horizont.fi\/","name":"HORIZONT \u2013 Ilmakuvaus","description":"Lennokkaita kuvia ja videoita","publisher":{"@id":"https:\/\/www.horizont.fi\/#organization"},"potentialAction":[{"@type":"SearchAction","target":{"@type":"EntryPoint","urlTemplate":"https:\/\/www.horizont.fi\/?s={search_term_string}"},"query-input":"required name=search_term_string"}],"inLanguage":"en-GB"},{"@type":"Organization","@id":"https:\/\/www.horizont.fi\/#organization","name":"Horizont - Ilmakuvat","url":"https:\/\/www.horizont.fi\/","logo":{"@type":"ImageObject","inLanguage":"en-GB","@id":"https:\/\/www.horizont.fi\/#\/schema\/logo\/image\/","url":"https:\/\/www.horizont.fi\/horizont\/wp-content\/uploads\/2017\/02\/cropped-logo-horizont2-150.png","contentUrl":"https:\/\/www.horizont.fi\/horizont\/wp-content\/uploads\/2017\/02\/cropped-logo-horizont2-150.png","width":136,"height":122,"caption":"Horizont - Ilmakuvat"},"image":{"@id":"https:\/\/www.horizont.fi\/#\/schema\/logo\/image\/"},"sameAs":["https:\/\/www.facebook.com\/Horizont.Aerial.Photographers\/","https:\/\/www.instagram.com\/horizont.fi\/","https:\/\/www.youtube.com\/channel\/UC_1M_GpRMYCa9dlvKBQdy-g"]},{"@type":"Person","@id":"https:\/\/www.horizont.fi\/#\/schema\/person\/4117b41d2ca00dda9ba4d3f64ebd5c32","name":"Arnold","image":{"@type":"ImageObject","inLanguage":"en-GB","@id":"https:\/\/www.horizont.fi\/#\/schema\/person\/image\/","url":"https:\/\/secure.gravatar.com\/avatar\/01d855234bf99dd28a5abdf2ec0622d9?s=96&d=mm&r=g","contentUrl":"https:\/\/secure.gravatar.com\/avatar\/01d855234bf99dd28a5abdf2ec0622d9?s=96&d=mm&r=g","caption":"Arnold"}}]}},"_links":{"self":[{"href":"https:\/\/www.horizont.fi\/en\/wp-json\/wp\/v2\/posts\/3936"}],"collection":[{"href":"https:\/\/www.horizont.fi\/en\/wp-json\/wp\/v2\/posts"}],"about":[{"href":"https:\/\/www.horizont.fi\/en\/wp-json\/wp\/v2\/types\/post"}],"author":[{"embeddable":true,"href":"https:\/\/www.horizont.fi\/en\/wp-json\/wp\/v2\/users\/18"}],"replies":[{"embeddable":true,"href":"https:\/\/www.horizont.fi\/en\/wp-json\/wp\/v2\/comments?post=3936"}],"version-history":[{"count":5,"href":"https:\/\/www.horizont.fi\/en\/wp-json\/wp\/v2\/posts\/3936\/revisions"}],"predecessor-version":[{"id":8301,"href":"https:\/\/www.horizont.fi\/en\/wp-json\/wp\/v2\/posts\/3936\/revisions\/8301"}],"wp:featuredmedia":[{"embeddable":true,"href":"https:\/\/www.horizont.fi\/en\/wp-json\/wp\/v2\/media\/8072"}],"wp:attachment":[{"href":"https:\/\/www.horizont.fi\/en\/wp-json\/wp\/v2\/media?parent=3936"}],"wp:term":[{"taxonomy":"category","embeddable":true,"href":"https:\/\/www.horizont.fi\/en\/wp-json\/wp\/v2\/categories?post=3936"},{"taxonomy":"post_tag","embeddable":true,"href":"https:\/\/www.horizont.fi\/en\/wp-json\/wp\/v2\/tags?post=3936"}],"curies":[{"name":"wp","href":"https:\/\/api.w.org\/{rel}","templated":true}]}}