{"id":9915,"date":"2019-06-16T21:51:18","date_gmt":"2019-06-16T18:51:18","guid":{"rendered":"http:\/\/www.horizont.fi\/?p=9915"},"modified":"2019-06-16T21:55:43","modified_gmt":"2019-06-16T18:55:43","slug":"altian-tehdas-rajamaki-6-2019","status":"publish","type":"post","link":"https:\/\/www.horizont.fi\/en\/altian-tehdas-rajamaki-6-2019\/","title":{"rendered":"ALTIAN TEHDAS \u2013 Rajam\u00e4ki, 6\/2019"},"content":{"rendered":"<p> Altian juuret juontavat vuonna 1888 Rajam\u00e4elle  perustettuun viinanpolttimoon jossa yhti\u00f6 edelleen nykyp\u00e4iv\u00e4n\u00e4kin  valmistaa alkoholituotteita. Tehdas perustettiin aikanaan l\u00e4helle  l\u00e4hdett\u00e4, jonka puhdasta pohjavett\u00e4 k\u00e4ytet\u00e4\u00e4n yh\u00e4 edelleen tuotannossa.  Nyky\u00e4\u00e4n tehdasrakennuksessa toimii my\u00f6s alkoholikulttuurista kertova  museo, Ryyppi. <\/p>\n\n\n\n<p>Kuvaaja: Harri Kuusinen<\/p>\n\n\n\n<p><strong><a class=\"maxbutton-114 maxbutton maxbutton-button-altia\" target=\"_blank\" rel=\"noopener\" href=\"http:\/\/www.horizont.fi\/en\/product-category\/yksittaiset-kohteet\/altian-rajamaen-tehdas-nurmijarvi-2019\/\"><span class='mb-text'>SIIRRY KATSOMAAN JA OSTAMAAN KUVIA<\/span><\/a><\/strong><\/p>\n\n\n\n<figure class=\"wp-block-image\"><img decoding=\"async\" loading=\"lazy\" width=\"661\" height=\"485\" src=\"http:\/\/www.horizont.fi\/horizont\/wp-content\/uploads\/2019\/06\/kartta-altia.jpg\" alt=\"\" class=\"wp-image-9917\" srcset=\"https:\/\/www.horizont.fi\/horizont\/wp-content\/uploads\/2019\/06\/kartta-altia.jpg 661w, https:\/\/www.horizont.fi\/horizont\/wp-content\/uploads\/2019\/06\/kartta-altia-600x440.jpg 600w\" sizes=\"(max-width: 661px) 100vw, 661px\" \/><\/figure>","protected":false},"excerpt":{"rendered":"<p>Altian juuret juontavat vuonna 1888 Rajam\u00e4elle perustettuun viinanpolttimoon jossa yhti\u00f6 edelleen nykyp\u00e4iv\u00e4n\u00e4kin valmistaa alkoholituotteita. Tehdas perustettiin aikanaan l\u00e4helle l\u00e4hdett\u00e4, jonka puhdasta pohjavett\u00e4 k\u00e4ytet\u00e4\u00e4n yh\u00e4 edelleen tuotannossa. Nyky\u00e4\u00e4n tehdasrakennuksessa toimii my\u00f6s alkoholikulttuurista kertova museo, Ryyppi. Kuvaaja: Harri Kuusinen<\/p>","protected":false},"author":18,"featured_media":9913,"comment_status":"closed","ping_status":"open","sticky":false,"template":"","format":"standard","meta":{"_monsterinsights_skip_tracking":false,"_monsterinsights_sitenote_active":false,"_monsterinsights_sitenote_note":"","_monsterinsights_sitenote_category":0,"footnotes":""},"categories":[21],"tags":[],"yoast_head":"<!-- This site is optimized with the Yoast SEO plugin v22.6 - https:\/\/yoast.com\/wordpress\/plugins\/seo\/ -->\n<title>ALTIAN TEHDAS \u2013 Rajam\u00e4ki, 6\/2019 - HORIZONT \u2013 Ilmakuvaus<\/title>\n<meta name=\"description\" content=\"Altian juuret juontavat vuonna 1888 Rajam\u00e4elle perustettuun viinanpolttimoon jossa yhti\u00f6 edelleen nykyp\u00e4iv\u00e4n\u00e4kin valmistaa alkoholituotteita. Tehdas\" \/>\n<meta name=\"robots\" content=\"index, follow, max-snippet:-1, max-image-preview:large, max-video-preview:-1\" \/>\n<link rel=\"canonical\" href=\"https:\/\/www.horizont.fi\/en\/altian-tehdas-rajamaki-6-2019\/\" \/>\n<meta property=\"og:locale\" content=\"en_GB\" \/>\n<meta property=\"og:type\" content=\"article\" \/>\n<meta property=\"og:title\" content=\"ALTIAN TEHDAS \u2013 Rajam\u00e4ki, 6\/2019 - HORIZONT \u2013 Ilmakuvaus\" \/>\n<meta property=\"og:description\" content=\"Altian juuret juontavat vuonna 1888 Rajam\u00e4elle perustettuun viinanpolttimoon jossa yhti\u00f6 edelleen nykyp\u00e4iv\u00e4n\u00e4kin valmistaa alkoholituotteita. Tehdas\" \/>\n<meta property=\"og:url\" content=\"https:\/\/www.horizont.fi\/en\/altian-tehdas-rajamaki-6-2019\/\" \/>\n<meta property=\"og:site_name\" content=\"HORIZONT \u2013 Ilmakuvaus\" \/>\n<meta property=\"article:publisher\" content=\"https:\/\/www.facebook.com\/Horizont.Aerial.Photographers\/\" \/>\n<meta property=\"article:published_time\" content=\"2019-06-16T18:51:18+00:00\" \/>\n<meta property=\"article:modified_time\" content=\"2019-06-16T18:55:43+00:00\" \/>\n<meta property=\"og:image\" content=\"https:\/\/www.horizont.fi\/horizont\/wp-content\/uploads\/2019\/06\/cr4-Horizont.fi-Altian_Rajam\u00e4en_tehdas_Harri_Kuusinen-scaled.jpg\" \/>\n\t<meta property=\"og:image:width\" content=\"2560\" \/>\n\t<meta property=\"og:image:height\" content=\"973\" \/>\n\t<meta property=\"og:image:type\" content=\"image\/jpeg\" \/>\n<meta name=\"author\" content=\"Arnold\" \/>\n<meta name=\"twitter:card\" content=\"summary_large_image\" \/>\n<meta name=\"twitter:label1\" content=\"Written by\" \/>\n\t<meta name=\"twitter:data1\" content=\"Arnold\" \/>\n<script type=\"application\/ld+json\" class=\"yoast-schema-graph\">{\"@context\":\"https:\/\/schema.org\",\"@graph\":[{\"@type\":\"Article\",\"@id\":\"https:\/\/www.horizont.fi\/altian-tehdas-rajamaki-6-2019\/#article\",\"isPartOf\":{\"@id\":\"https:\/\/www.horizont.fi\/altian-tehdas-rajamaki-6-2019\/\"},\"author\":{\"name\":\"Arnold\",\"@id\":\"https:\/\/www.horizont.fi\/#\/schema\/person\/4117b41d2ca00dda9ba4d3f64ebd5c32\"},\"headline\":\"ALTIAN TEHDAS \u2013 Rajam\u00e4ki, 6\/2019\",\"datePublished\":\"2019-06-16T18:51:18+00:00\",\"dateModified\":\"2019-06-16T18:55:43+00:00\",\"mainEntityOfPage\":{\"@id\":\"https:\/\/www.horizont.fi\/altian-tehdas-rajamaki-6-2019\/\"},\"wordCount\":52,\"publisher\":{\"@id\":\"https:\/\/www.horizont.fi\/#organization\"},\"image\":{\"@id\":\"https:\/\/www.horizont.fi\/altian-tehdas-rajamaki-6-2019\/#primaryimage\"},\"thumbnailUrl\":\"https:\/\/www.horizont.fi\/horizont\/wp-content\/uploads\/2019\/06\/cr4-Horizont.fi-Altian_Rajam\u00e4en_tehdas_Harri_Kuusinen-scaled.jpg\",\"articleSection\":[\"Uncategorized @fi\"],\"inLanguage\":\"en-GB\"},{\"@type\":\"WebPage\",\"@id\":\"https:\/\/www.horizont.fi\/altian-tehdas-rajamaki-6-2019\/\",\"url\":\"https:\/\/www.horizont.fi\/altian-tehdas-rajamaki-6-2019\/\",\"name\":\"ALTIAN TEHDAS \u2013 Rajam\u00e4ki, 6\/2019 - HORIZONT \u2013 Ilmakuvaus\",\"isPartOf\":{\"@id\":\"https:\/\/www.horizont.fi\/#website\"},\"primaryImageOfPage\":{\"@id\":\"https:\/\/www.horizont.fi\/altian-tehdas-rajamaki-6-2019\/#primaryimage\"},\"image\":{\"@id\":\"https:\/\/www.horizont.fi\/altian-tehdas-rajamaki-6-2019\/#primaryimage\"},\"thumbnailUrl\":\"https:\/\/www.horizont.fi\/horizont\/wp-content\/uploads\/2019\/06\/cr4-Horizont.fi-Altian_Rajam\u00e4en_tehdas_Harri_Kuusinen-scaled.jpg\",\"datePublished\":\"2019-06-16T18:51:18+00:00\",\"dateModified\":\"2019-06-16T18:55:43+00:00\",\"description\":\"Altian juuret juontavat vuonna 1888 Rajam\u00e4elle perustettuun viinanpolttimoon jossa yhti\u00f6 edelleen nykyp\u00e4iv\u00e4n\u00e4kin valmistaa alkoholituotteita. Tehdas\",\"breadcrumb\":{\"@id\":\"https:\/\/www.horizont.fi\/altian-tehdas-rajamaki-6-2019\/#breadcrumb\"},\"inLanguage\":\"en-GB\",\"potentialAction\":[{\"@type\":\"ReadAction\",\"target\":[\"https:\/\/www.horizont.fi\/altian-tehdas-rajamaki-6-2019\/\"]}]},{\"@type\":\"ImageObject\",\"inLanguage\":\"en-GB\",\"@id\":\"https:\/\/www.horizont.fi\/altian-tehdas-rajamaki-6-2019\/#primaryimage\",\"url\":\"https:\/\/www.horizont.fi\/horizont\/wp-content\/uploads\/2019\/06\/cr4-Horizont.fi-Altian_Rajam\u00e4en_tehdas_Harri_Kuusinen-scaled.jpg\",\"contentUrl\":\"https:\/\/www.horizont.fi\/horizont\/wp-content\/uploads\/2019\/06\/cr4-Horizont.fi-Altian_Rajam\u00e4en_tehdas_Harri_Kuusinen-scaled.jpg\",\"width\":2560,\"height\":973,\"caption\":\"rajam\u00e4en tehdas ilmakuva\"},{\"@type\":\"BreadcrumbList\",\"@id\":\"https:\/\/www.horizont.fi\/altian-tehdas-rajamaki-6-2019\/#breadcrumb\",\"itemListElement\":[{\"@type\":\"ListItem\",\"position\":1,\"name\":\"Etusivu\",\"item\":\"https:\/\/www.horizont.fi\/\"},{\"@type\":\"ListItem\",\"position\":2,\"name\":\"ALTIAN TEHDAS \u2013 Rajam\u00e4ki, 6\/2019\"}]},{\"@type\":\"WebSite\",\"@id\":\"https:\/\/www.horizont.fi\/#website\",\"url\":\"https:\/\/www.horizont.fi\/\",\"name\":\"HORIZONT \u2013 Ilmakuvaus\",\"description\":\"Lennokkaita kuvia ja videoita\",\"publisher\":{\"@id\":\"https:\/\/www.horizont.fi\/#organization\"},\"potentialAction\":[{\"@type\":\"SearchAction\",\"target\":{\"@type\":\"EntryPoint\",\"urlTemplate\":\"https:\/\/www.horizont.fi\/?s={search_term_string}\"},\"query-input\":\"required name=search_term_string\"}],\"inLanguage\":\"en-GB\"},{\"@type\":\"Organization\",\"@id\":\"https:\/\/www.horizont.fi\/#organization\",\"name\":\"Horizont - Ilmakuvat\",\"url\":\"https:\/\/www.horizont.fi\/\",\"logo\":{\"@type\":\"ImageObject\",\"inLanguage\":\"en-GB\",\"@id\":\"https:\/\/www.horizont.fi\/#\/schema\/logo\/image\/\",\"url\":\"https:\/\/www.horizont.fi\/horizont\/wp-content\/uploads\/2017\/02\/cropped-logo-horizont2-150.png\",\"contentUrl\":\"https:\/\/www.horizont.fi\/horizont\/wp-content\/uploads\/2017\/02\/cropped-logo-horizont2-150.png\",\"width\":136,\"height\":122,\"caption\":\"Horizont - Ilmakuvat\"},\"image\":{\"@id\":\"https:\/\/www.horizont.fi\/#\/schema\/logo\/image\/\"},\"sameAs\":[\"https:\/\/www.facebook.com\/Horizont.Aerial.Photographers\/\",\"https:\/\/www.instagram.com\/horizont.fi\/\",\"https:\/\/www.youtube.com\/channel\/UC_1M_GpRMYCa9dlvKBQdy-g\"]},{\"@type\":\"Person\",\"@id\":\"https:\/\/www.horizont.fi\/#\/schema\/person\/4117b41d2ca00dda9ba4d3f64ebd5c32\",\"name\":\"Arnold\",\"image\":{\"@type\":\"ImageObject\",\"inLanguage\":\"en-GB\",\"@id\":\"https:\/\/www.horizont.fi\/#\/schema\/person\/image\/\",\"url\":\"https:\/\/secure.gravatar.com\/avatar\/01d855234bf99dd28a5abdf2ec0622d9?s=96&d=mm&r=g\",\"contentUrl\":\"https:\/\/secure.gravatar.com\/avatar\/01d855234bf99dd28a5abdf2ec0622d9?s=96&d=mm&r=g\",\"caption\":\"Arnold\"}}]}<\/script>\n<!-- \/ Yoast SEO plugin. -->","yoast_head_json":{"title":"ALTIAN TEHDAS \u2013 Rajam\u00e4ki, 6\/2019 - HORIZONT \u2013 Ilmakuvaus","description":"Altian juuret juontavat vuonna 1888 Rajam\u00e4elle perustettuun viinanpolttimoon jossa yhti\u00f6 edelleen nykyp\u00e4iv\u00e4n\u00e4kin valmistaa alkoholituotteita. Tehdas","robots":{"index":"index","follow":"follow","max-snippet":"max-snippet:-1","max-image-preview":"max-image-preview:large","max-video-preview":"max-video-preview:-1"},"canonical":"https:\/\/www.horizont.fi\/en\/altian-tehdas-rajamaki-6-2019\/","og_locale":"en_GB","og_type":"article","og_title":"ALTIAN TEHDAS \u2013 Rajam\u00e4ki, 6\/2019 - HORIZONT \u2013 Ilmakuvaus","og_description":"Altian juuret juontavat vuonna 1888 Rajam\u00e4elle perustettuun viinanpolttimoon jossa yhti\u00f6 edelleen nykyp\u00e4iv\u00e4n\u00e4kin valmistaa alkoholituotteita. Tehdas","og_url":"https:\/\/www.horizont.fi\/en\/altian-tehdas-rajamaki-6-2019\/","og_site_name":"HORIZONT \u2013 Ilmakuvaus","article_publisher":"https:\/\/www.facebook.com\/Horizont.Aerial.Photographers\/","article_published_time":"2019-06-16T18:51:18+00:00","article_modified_time":"2019-06-16T18:55:43+00:00","og_image":[{"width":2560,"height":973,"url":"https:\/\/www.horizont.fi\/horizont\/wp-content\/uploads\/2019\/06\/cr4-Horizont.fi-Altian_Rajam\u00e4en_tehdas_Harri_Kuusinen-scaled.jpg","type":"image\/jpeg"}],"author":"Arnold","twitter_card":"summary_large_image","twitter_misc":{"Written by":"Arnold"},"schema":{"@context":"https:\/\/schema.org","@graph":[{"@type":"Article","@id":"https:\/\/www.horizont.fi\/altian-tehdas-rajamaki-6-2019\/#article","isPartOf":{"@id":"https:\/\/www.horizont.fi\/altian-tehdas-rajamaki-6-2019\/"},"author":{"name":"Arnold","@id":"https:\/\/www.horizont.fi\/#\/schema\/person\/4117b41d2ca00dda9ba4d3f64ebd5c32"},"headline":"ALTIAN TEHDAS \u2013 Rajam\u00e4ki, 6\/2019","datePublished":"2019-06-16T18:51:18+00:00","dateModified":"2019-06-16T18:55:43+00:00","mainEntityOfPage":{"@id":"https:\/\/www.horizont.fi\/altian-tehdas-rajamaki-6-2019\/"},"wordCount":52,"publisher":{"@id":"https:\/\/www.horizont.fi\/#organization"},"image":{"@id":"https:\/\/www.horizont.fi\/altian-tehdas-rajamaki-6-2019\/#primaryimage"},"thumbnailUrl":"https:\/\/www.horizont.fi\/horizont\/wp-content\/uploads\/2019\/06\/cr4-Horizont.fi-Altian_Rajam\u00e4en_tehdas_Harri_Kuusinen-scaled.jpg","articleSection":["Uncategorized @fi"],"inLanguage":"en-GB"},{"@type":"WebPage","@id":"https:\/\/www.horizont.fi\/altian-tehdas-rajamaki-6-2019\/","url":"https:\/\/www.horizont.fi\/altian-tehdas-rajamaki-6-2019\/","name":"ALTIAN TEHDAS \u2013 Rajam\u00e4ki, 6\/2019 - HORIZONT \u2013 Ilmakuvaus","isPartOf":{"@id":"https:\/\/www.horizont.fi\/#website"},"primaryImageOfPage":{"@id":"https:\/\/www.horizont.fi\/altian-tehdas-rajamaki-6-2019\/#primaryimage"},"image":{"@id":"https:\/\/www.horizont.fi\/altian-tehdas-rajamaki-6-2019\/#primaryimage"},"thumbnailUrl":"https:\/\/www.horizont.fi\/horizont\/wp-content\/uploads\/2019\/06\/cr4-Horizont.fi-Altian_Rajam\u00e4en_tehdas_Harri_Kuusinen-scaled.jpg","datePublished":"2019-06-16T18:51:18+00:00","dateModified":"2019-06-16T18:55:43+00:00","description":"Altian juuret juontavat vuonna 1888 Rajam\u00e4elle perustettuun viinanpolttimoon jossa yhti\u00f6 edelleen nykyp\u00e4iv\u00e4n\u00e4kin valmistaa alkoholituotteita. Tehdas","breadcrumb":{"@id":"https:\/\/www.horizont.fi\/altian-tehdas-rajamaki-6-2019\/#breadcrumb"},"inLanguage":"en-GB","potentialAction":[{"@type":"ReadAction","target":["https:\/\/www.horizont.fi\/altian-tehdas-rajamaki-6-2019\/"]}]},{"@type":"ImageObject","inLanguage":"en-GB","@id":"https:\/\/www.horizont.fi\/altian-tehdas-rajamaki-6-2019\/#primaryimage","url":"https:\/\/www.horizont.fi\/horizont\/wp-content\/uploads\/2019\/06\/cr4-Horizont.fi-Altian_Rajam\u00e4en_tehdas_Harri_Kuusinen-scaled.jpg","contentUrl":"https:\/\/www.horizont.fi\/horizont\/wp-content\/uploads\/2019\/06\/cr4-Horizont.fi-Altian_Rajam\u00e4en_tehdas_Harri_Kuusinen-scaled.jpg","width":2560,"height":973,"caption":"rajam\u00e4en tehdas ilmakuva"},{"@type":"BreadcrumbList","@id":"https:\/\/www.horizont.fi\/altian-tehdas-rajamaki-6-2019\/#breadcrumb","itemListElement":[{"@type":"ListItem","position":1,"name":"Etusivu","item":"https:\/\/www.horizont.fi\/"},{"@type":"ListItem","position":2,"name":"ALTIAN TEHDAS \u2013 Rajam\u00e4ki, 6\/2019"}]},{"@type":"WebSite","@id":"https:\/\/www.horizont.fi\/#website","url":"https:\/\/www.horizont.fi\/","name":"HORIZONT \u2013 Ilmakuvaus","description":"Lennokkaita kuvia ja videoita","publisher":{"@id":"https:\/\/www.horizont.fi\/#organization"},"potentialAction":[{"@type":"SearchAction","target":{"@type":"EntryPoint","urlTemplate":"https:\/\/www.horizont.fi\/?s={search_term_string}"},"query-input":"required name=search_term_string"}],"inLanguage":"en-GB"},{"@type":"Organization","@id":"https:\/\/www.horizont.fi\/#organization","name":"Horizont - Ilmakuvat","url":"https:\/\/www.horizont.fi\/","logo":{"@type":"ImageObject","inLanguage":"en-GB","@id":"https:\/\/www.horizont.fi\/#\/schema\/logo\/image\/","url":"https:\/\/www.horizont.fi\/horizont\/wp-content\/uploads\/2017\/02\/cropped-logo-horizont2-150.png","contentUrl":"https:\/\/www.horizont.fi\/horizont\/wp-content\/uploads\/2017\/02\/cropped-logo-horizont2-150.png","width":136,"height":122,"caption":"Horizont - Ilmakuvat"},"image":{"@id":"https:\/\/www.horizont.fi\/#\/schema\/logo\/image\/"},"sameAs":["https:\/\/www.facebook.com\/Horizont.Aerial.Photographers\/","https:\/\/www.instagram.com\/horizont.fi\/","https:\/\/www.youtube.com\/channel\/UC_1M_GpRMYCa9dlvKBQdy-g"]},{"@type":"Person","@id":"https:\/\/www.horizont.fi\/#\/schema\/person\/4117b41d2ca00dda9ba4d3f64ebd5c32","name":"Arnold","image":{"@type":"ImageObject","inLanguage":"en-GB","@id":"https:\/\/www.horizont.fi\/#\/schema\/person\/image\/","url":"https:\/\/secure.gravatar.com\/avatar\/01d855234bf99dd28a5abdf2ec0622d9?s=96&d=mm&r=g","contentUrl":"https:\/\/secure.gravatar.com\/avatar\/01d855234bf99dd28a5abdf2ec0622d9?s=96&d=mm&r=g","caption":"Arnold"}}]}},"_links":{"self":[{"href":"https:\/\/www.horizont.fi\/en\/wp-json\/wp\/v2\/posts\/9915"}],"collection":[{"href":"https:\/\/www.horizont.fi\/en\/wp-json\/wp\/v2\/posts"}],"about":[{"href":"https:\/\/www.horizont.fi\/en\/wp-json\/wp\/v2\/types\/post"}],"author":[{"embeddable":true,"href":"https:\/\/www.horizont.fi\/en\/wp-json\/wp\/v2\/users\/18"}],"replies":[{"embeddable":true,"href":"https:\/\/www.horizont.fi\/en\/wp-json\/wp\/v2\/comments?post=9915"}],"version-history":[{"count":3,"href":"https:\/\/www.horizont.fi\/en\/wp-json\/wp\/v2\/posts\/9915\/revisions"}],"predecessor-version":[{"id":9919,"href":"https:\/\/www.horizont.fi\/en\/wp-json\/wp\/v2\/posts\/9915\/revisions\/9919"}],"wp:featuredmedia":[{"embeddable":true,"href":"https:\/\/www.horizont.fi\/en\/wp-json\/wp\/v2\/media\/9913"}],"wp:attachment":[{"href":"https:\/\/www.horizont.fi\/en\/wp-json\/wp\/v2\/media?parent=9915"}],"wp:term":[{"taxonomy":"category","embeddable":true,"href":"https:\/\/www.horizont.fi\/en\/wp-json\/wp\/v2\/categories?post=9915"},{"taxonomy":"post_tag","embeddable":true,"href":"https:\/\/www.horizont.fi\/en\/wp-json\/wp\/v2\/tags?post=9915"}],"curies":[{"name":"wp","href":"https:\/\/api.w.org\/{rel}","templated":true}]}}